{"id":4320,"date":"2024-02-26T23:47:05","date_gmt":"2024-02-26T22:47:05","guid":{"rendered":"https:\/\/asseln-evangelisch.de\/?p=4320"},"modified":"2024-03-21T20:50:41","modified_gmt":"2024-03-21T19:50:41","slug":"kinderbibeltag","status":"publish","type":"post","link":"https:\/\/asseln-evangelisch.de\/index.php\/2024\/02\/26\/kinderbibeltag\/","title":{"rendered":"Kinderbibeltag: &#8222;Kommt, wir gehen fischen mit Petrus und Jesus&#8220;"},"content":{"rendered":"<p>stand auf der Einladung des Kigo-Teams der Ev.-luth. Kirchengemeinde Asseln. Neun Kinder nahmen am letzten Samstag die Einladung zum Kinderbibeltag an und kn\u00fcpften mit viel Ausdauer Netze, n\u00e4hten aus Filz kleine Fische und gestalteten bunte Fensterbilder. Viel Spa\u00df hatten alle auch beim gemeinsamen Brot backen und nat\u00fcrlich beim mittlerweile schon traditionellen Hot Dog Essen. Im Familiengottesdienst am folgenden Tag pr\u00e4sentierten die Kinder unter Applaus ihre gebastelten Werke an einem gro\u00dfen Netz, das im Altarraum hing.<br \/>\nDie n\u00e4chste Kigo-Aktion ist eine Taschenlampenf\u00fchrung durch die Lutherkirche am 16.03. um 17 Uhr.<\/p>\n<p><img decoding=\"async\" class=\"alignnone size-medium wp-image-4390\" src=\"https:\/\/asseln-evangelisch.de\/wp-content\/uploads\/2024\/03\/F17-300x183.png\" alt=\"\" width=\"300\" height=\"183\" srcset=\"https:\/\/asseln-evangelisch.de\/wp-content\/uploads\/2024\/03\/F17-200x122.png 200w, https:\/\/asseln-evangelisch.de\/wp-content\/uploads\/2024\/03\/F17-300x183.png 300w, https:\/\/asseln-evangelisch.de\/wp-content\/uploads\/2024\/03\/F17-400x244.png 400w, https:\/\/asseln-evangelisch.de\/wp-content\/uploads\/2024\/03\/F17-600x367.png 600w, https:\/\/asseln-evangelisch.de\/wp-content\/uploads\/2024\/03\/F17-768x469.png 768w, https:\/\/asseln-evangelisch.de\/wp-content\/uploads\/2024\/03\/F17-800x489.png 800w, https:\/\/asseln-evangelisch.de\/wp-content\/uploads\/2024\/03\/F17.png 977w\" sizes=\"(max-width: 300px) 100vw, 300px\" \/><\/p>\n","protected":false},"excerpt":{"rendered":"<p>stand auf der Einladung des Kigo-Teams der Ev.-luth. Kirchengemeinde Asseln.  [&#8230;]<\/p>\n","protected":false},"author":6,"featured_media":4323,"comment_status":"open","ping_status":"closed","sticky":false,"template":"","format":"gallery","meta":{"footnotes":""},"categories":[1],"tags":[],"class_list":["post-4320","post","type-post","status-publish","format-gallery","has-post-thumbnail","hentry","category-uncategorized","post_format-post-format-gallery"],"yoast_head":"<!-- This site is optimized with the Yoast SEO plugin v27.3 - https:\/\/yoast.com\/product\/yoast-seo-wordpress\/ -->\n<title>Kinderbibeltag: &quot;Kommt, wir gehen fischen mit Petrus und Jesus&quot; - Gemeinde Asseln<\/title>\n<meta name=\"robots\" content=\"index, follow, max-snippet:-1, max-image-preview:large, max-video-preview:-1\" \/>\n<link rel=\"canonical\" href=\"https:\/\/asseln-evangelisch.de\/index.php\/2024\/02\/26\/kinderbibeltag\/\" \/>\n<meta property=\"og:locale\" content=\"de_DE\" \/>\n<meta property=\"og:type\" content=\"article\" \/>\n<meta property=\"og:title\" content=\"Kinderbibeltag: &quot;Kommt, wir gehen fischen mit Petrus und Jesus&quot; - Gemeinde Asseln\" \/>\n<meta property=\"og:description\" content=\"stand auf der Einladung des Kigo-Teams der Ev.-luth. Kirchengemeinde Asseln. [...]\" \/>\n<meta property=\"og:url\" content=\"https:\/\/asseln-evangelisch.de\/index.php\/2024\/02\/26\/kinderbibeltag\/\" \/>\n<meta property=\"og:site_name\" content=\"Gemeinde Asseln\" \/>\n<meta property=\"article:published_time\" content=\"2024-02-26T22:47:05+00:00\" \/>\n<meta property=\"article:modified_time\" content=\"2024-03-21T19:50:41+00:00\" \/>\n<meta property=\"og:image\" content=\"https:\/\/asseln-evangelisch.de\/wp-content\/uploads\/2024\/02\/Gruppenbild.png\" \/>\n\t<meta property=\"og:image:width\" content=\"977\" \/>\n\t<meta property=\"og:image:height\" content=\"597\" \/>\n\t<meta property=\"og:image:type\" content=\"image\/png\" \/>\n<meta name=\"author\" content=\"Anke Knuth\" \/>\n<meta name=\"twitter:card\" content=\"summary_large_image\" \/>\n<meta name=\"twitter:label1\" content=\"Verfasst von\" \/>\n\t<meta name=\"twitter:data1\" content=\"Anke Knuth\" \/>\n\t<meta name=\"twitter:label2\" content=\"Gesch\u00e4tzte Lesezeit\" \/>\n\t<meta name=\"twitter:data2\" content=\"1\u00a0Minute\" \/>\n<script type=\"application\/ld+json\" class=\"yoast-schema-graph\">{\"@context\":\"https:\\\/\\\/schema.org\",\"@graph\":[{\"@type\":\"Article\",\"@id\":\"https:\\\/\\\/asseln-evangelisch.de\\\/index.php\\\/2024\\\/02\\\/26\\\/kinderbibeltag\\\/#article\",\"isPartOf\":{\"@id\":\"https:\\\/\\\/asseln-evangelisch.de\\\/index.php\\\/2024\\\/02\\\/26\\\/kinderbibeltag\\\/\"},\"author\":{\"name\":\"Anke Knuth\",\"@id\":\"https:\\\/\\\/asseln-evangelisch.de\\\/#\\\/schema\\\/person\\\/e3bc5cb8714cf2814bdea40ce6d8fe52\"},\"headline\":\"Kinderbibeltag: &#8222;Kommt, wir gehen fischen mit Petrus und Jesus&#8220;\",\"datePublished\":\"2024-02-26T22:47:05+00:00\",\"dateModified\":\"2024-03-21T19:50:41+00:00\",\"mainEntityOfPage\":{\"@id\":\"https:\\\/\\\/asseln-evangelisch.de\\\/index.php\\\/2024\\\/02\\\/26\\\/kinderbibeltag\\\/\"},\"wordCount\":104,\"commentCount\":0,\"image\":{\"@id\":\"https:\\\/\\\/asseln-evangelisch.de\\\/index.php\\\/2024\\\/02\\\/26\\\/kinderbibeltag\\\/#primaryimage\"},\"thumbnailUrl\":\"https:\\\/\\\/asseln-evangelisch.de\\\/wp-content\\\/uploads\\\/2024\\\/02\\\/Gruppenbild.png\",\"articleSection\":[\"Uncategorized\"],\"inLanguage\":\"de\",\"potentialAction\":[{\"@type\":\"CommentAction\",\"name\":\"Comment\",\"target\":[\"https:\\\/\\\/asseln-evangelisch.de\\\/index.php\\\/2024\\\/02\\\/26\\\/kinderbibeltag\\\/#respond\"]}]},{\"@type\":\"WebPage\",\"@id\":\"https:\\\/\\\/asseln-evangelisch.de\\\/index.php\\\/2024\\\/02\\\/26\\\/kinderbibeltag\\\/\",\"url\":\"https:\\\/\\\/asseln-evangelisch.de\\\/index.php\\\/2024\\\/02\\\/26\\\/kinderbibeltag\\\/\",\"name\":\"Kinderbibeltag: \\\"Kommt, wir gehen fischen mit Petrus und Jesus\\\" - Gemeinde Asseln\",\"isPartOf\":{\"@id\":\"https:\\\/\\\/asseln-evangelisch.de\\\/#website\"},\"primaryImageOfPage\":{\"@id\":\"https:\\\/\\\/asseln-evangelisch.de\\\/index.php\\\/2024\\\/02\\\/26\\\/kinderbibeltag\\\/#primaryimage\"},\"image\":{\"@id\":\"https:\\\/\\\/asseln-evangelisch.de\\\/index.php\\\/2024\\\/02\\\/26\\\/kinderbibeltag\\\/#primaryimage\"},\"thumbnailUrl\":\"https:\\\/\\\/asseln-evangelisch.de\\\/wp-content\\\/uploads\\\/2024\\\/02\\\/Gruppenbild.png\",\"datePublished\":\"2024-02-26T22:47:05+00:00\",\"dateModified\":\"2024-03-21T19:50:41+00:00\",\"author\":{\"@id\":\"https:\\\/\\\/asseln-evangelisch.de\\\/#\\\/schema\\\/person\\\/e3bc5cb8714cf2814bdea40ce6d8fe52\"},\"breadcrumb\":{\"@id\":\"https:\\\/\\\/asseln-evangelisch.de\\\/index.php\\\/2024\\\/02\\\/26\\\/kinderbibeltag\\\/#breadcrumb\"},\"inLanguage\":\"de\",\"potentialAction\":[{\"@type\":\"ReadAction\",\"target\":[\"https:\\\/\\\/asseln-evangelisch.de\\\/index.php\\\/2024\\\/02\\\/26\\\/kinderbibeltag\\\/\"]}]},{\"@type\":\"ImageObject\",\"inLanguage\":\"de\",\"@id\":\"https:\\\/\\\/asseln-evangelisch.de\\\/index.php\\\/2024\\\/02\\\/26\\\/kinderbibeltag\\\/#primaryimage\",\"url\":\"https:\\\/\\\/asseln-evangelisch.de\\\/wp-content\\\/uploads\\\/2024\\\/02\\\/Gruppenbild.png\",\"contentUrl\":\"https:\\\/\\\/asseln-evangelisch.de\\\/wp-content\\\/uploads\\\/2024\\\/02\\\/Gruppenbild.png\",\"width\":977,\"height\":597},{\"@type\":\"BreadcrumbList\",\"@id\":\"https:\\\/\\\/asseln-evangelisch.de\\\/index.php\\\/2024\\\/02\\\/26\\\/kinderbibeltag\\\/#breadcrumb\",\"itemListElement\":[{\"@type\":\"ListItem\",\"position\":1,\"name\":\"Startseite\",\"item\":\"https:\\\/\\\/asseln-evangelisch.de\\\/\"},{\"@type\":\"ListItem\",\"position\":2,\"name\":\"Kinderbibeltag: &#8222;Kommt, wir gehen fischen mit Petrus und Jesus&#8220;\"}]},{\"@type\":\"WebSite\",\"@id\":\"https:\\\/\\\/asseln-evangelisch.de\\\/#website\",\"url\":\"https:\\\/\\\/asseln-evangelisch.de\\\/\",\"name\":\"Gemeinde Asseln\",\"description\":\"Ev.-Luth. Kirchengemeinde Asseln\",\"potentialAction\":[{\"@type\":\"SearchAction\",\"target\":{\"@type\":\"EntryPoint\",\"urlTemplate\":\"https:\\\/\\\/asseln-evangelisch.de\\\/?s={search_term_string}\"},\"query-input\":{\"@type\":\"PropertyValueSpecification\",\"valueRequired\":true,\"valueName\":\"search_term_string\"}}],\"inLanguage\":\"de\"},{\"@type\":\"Person\",\"@id\":\"https:\\\/\\\/asseln-evangelisch.de\\\/#\\\/schema\\\/person\\\/e3bc5cb8714cf2814bdea40ce6d8fe52\",\"name\":\"Anke Knuth\",\"image\":{\"@type\":\"ImageObject\",\"inLanguage\":\"de\",\"@id\":\"https:\\\/\\\/secure.gravatar.com\\\/avatar\\\/5bc1d9b66ca3a467a5682b267a11fc9ffc8d7cd42e7344b5d80dceaa1082d103?s=96&d=mm&r=g\",\"url\":\"https:\\\/\\\/secure.gravatar.com\\\/avatar\\\/5bc1d9b66ca3a467a5682b267a11fc9ffc8d7cd42e7344b5d80dceaa1082d103?s=96&d=mm&r=g\",\"contentUrl\":\"https:\\\/\\\/secure.gravatar.com\\\/avatar\\\/5bc1d9b66ca3a467a5682b267a11fc9ffc8d7cd42e7344b5d80dceaa1082d103?s=96&d=mm&r=g\",\"caption\":\"Anke Knuth\"},\"url\":\"https:\\\/\\\/asseln-evangelisch.de\\\/index.php\\\/author\\\/aknuth\\\/\"}]}<\/script>\n<!-- \/ Yoast SEO plugin. -->","yoast_head_json":{"title":"Kinderbibeltag: \"Kommt, wir gehen fischen mit Petrus und Jesus\" - Gemeinde Asseln","robots":{"index":"index","follow":"follow","max-snippet":"max-snippet:-1","max-image-preview":"max-image-preview:large","max-video-preview":"max-video-preview:-1"},"canonical":"https:\/\/asseln-evangelisch.de\/index.php\/2024\/02\/26\/kinderbibeltag\/","og_locale":"de_DE","og_type":"article","og_title":"Kinderbibeltag: \"Kommt, wir gehen fischen mit Petrus und Jesus\" - Gemeinde Asseln","og_description":"stand auf der Einladung des Kigo-Teams der Ev.-luth. Kirchengemeinde Asseln. [...]","og_url":"https:\/\/asseln-evangelisch.de\/index.php\/2024\/02\/26\/kinderbibeltag\/","og_site_name":"Gemeinde Asseln","article_published_time":"2024-02-26T22:47:05+00:00","article_modified_time":"2024-03-21T19:50:41+00:00","og_image":[{"width":977,"height":597,"url":"https:\/\/asseln-evangelisch.de\/wp-content\/uploads\/2024\/02\/Gruppenbild.png","type":"image\/png"}],"author":"Anke Knuth","twitter_card":"summary_large_image","twitter_misc":{"Verfasst von":"Anke Knuth","Gesch\u00e4tzte Lesezeit":"1\u00a0Minute"},"schema":{"@context":"https:\/\/schema.org","@graph":[{"@type":"Article","@id":"https:\/\/asseln-evangelisch.de\/index.php\/2024\/02\/26\/kinderbibeltag\/#article","isPartOf":{"@id":"https:\/\/asseln-evangelisch.de\/index.php\/2024\/02\/26\/kinderbibeltag\/"},"author":{"name":"Anke Knuth","@id":"https:\/\/asseln-evangelisch.de\/#\/schema\/person\/e3bc5cb8714cf2814bdea40ce6d8fe52"},"headline":"Kinderbibeltag: &#8222;Kommt, wir gehen fischen mit Petrus und Jesus&#8220;","datePublished":"2024-02-26T22:47:05+00:00","dateModified":"2024-03-21T19:50:41+00:00","mainEntityOfPage":{"@id":"https:\/\/asseln-evangelisch.de\/index.php\/2024\/02\/26\/kinderbibeltag\/"},"wordCount":104,"commentCount":0,"image":{"@id":"https:\/\/asseln-evangelisch.de\/index.php\/2024\/02\/26\/kinderbibeltag\/#primaryimage"},"thumbnailUrl":"https:\/\/asseln-evangelisch.de\/wp-content\/uploads\/2024\/02\/Gruppenbild.png","articleSection":["Uncategorized"],"inLanguage":"de","potentialAction":[{"@type":"CommentAction","name":"Comment","target":["https:\/\/asseln-evangelisch.de\/index.php\/2024\/02\/26\/kinderbibeltag\/#respond"]}]},{"@type":"WebPage","@id":"https:\/\/asseln-evangelisch.de\/index.php\/2024\/02\/26\/kinderbibeltag\/","url":"https:\/\/asseln-evangelisch.de\/index.php\/2024\/02\/26\/kinderbibeltag\/","name":"Kinderbibeltag: \"Kommt, wir gehen fischen mit Petrus und Jesus\" - Gemeinde Asseln","isPartOf":{"@id":"https:\/\/asseln-evangelisch.de\/#website"},"primaryImageOfPage":{"@id":"https:\/\/asseln-evangelisch.de\/index.php\/2024\/02\/26\/kinderbibeltag\/#primaryimage"},"image":{"@id":"https:\/\/asseln-evangelisch.de\/index.php\/2024\/02\/26\/kinderbibeltag\/#primaryimage"},"thumbnailUrl":"https:\/\/asseln-evangelisch.de\/wp-content\/uploads\/2024\/02\/Gruppenbild.png","datePublished":"2024-02-26T22:47:05+00:00","dateModified":"2024-03-21T19:50:41+00:00","author":{"@id":"https:\/\/asseln-evangelisch.de\/#\/schema\/person\/e3bc5cb8714cf2814bdea40ce6d8fe52"},"breadcrumb":{"@id":"https:\/\/asseln-evangelisch.de\/index.php\/2024\/02\/26\/kinderbibeltag\/#breadcrumb"},"inLanguage":"de","potentialAction":[{"@type":"ReadAction","target":["https:\/\/asseln-evangelisch.de\/index.php\/2024\/02\/26\/kinderbibeltag\/"]}]},{"@type":"ImageObject","inLanguage":"de","@id":"https:\/\/asseln-evangelisch.de\/index.php\/2024\/02\/26\/kinderbibeltag\/#primaryimage","url":"https:\/\/asseln-evangelisch.de\/wp-content\/uploads\/2024\/02\/Gruppenbild.png","contentUrl":"https:\/\/asseln-evangelisch.de\/wp-content\/uploads\/2024\/02\/Gruppenbild.png","width":977,"height":597},{"@type":"BreadcrumbList","@id":"https:\/\/asseln-evangelisch.de\/index.php\/2024\/02\/26\/kinderbibeltag\/#breadcrumb","itemListElement":[{"@type":"ListItem","position":1,"name":"Startseite","item":"https:\/\/asseln-evangelisch.de\/"},{"@type":"ListItem","position":2,"name":"Kinderbibeltag: &#8222;Kommt, wir gehen fischen mit Petrus und Jesus&#8220;"}]},{"@type":"WebSite","@id":"https:\/\/asseln-evangelisch.de\/#website","url":"https:\/\/asseln-evangelisch.de\/","name":"Gemeinde Asseln","description":"Ev.-Luth. Kirchengemeinde Asseln","potentialAction":[{"@type":"SearchAction","target":{"@type":"EntryPoint","urlTemplate":"https:\/\/asseln-evangelisch.de\/?s={search_term_string}"},"query-input":{"@type":"PropertyValueSpecification","valueRequired":true,"valueName":"search_term_string"}}],"inLanguage":"de"},{"@type":"Person","@id":"https:\/\/asseln-evangelisch.de\/#\/schema\/person\/e3bc5cb8714cf2814bdea40ce6d8fe52","name":"Anke Knuth","image":{"@type":"ImageObject","inLanguage":"de","@id":"https:\/\/secure.gravatar.com\/avatar\/5bc1d9b66ca3a467a5682b267a11fc9ffc8d7cd42e7344b5d80dceaa1082d103?s=96&d=mm&r=g","url":"https:\/\/secure.gravatar.com\/avatar\/5bc1d9b66ca3a467a5682b267a11fc9ffc8d7cd42e7344b5d80dceaa1082d103?s=96&d=mm&r=g","contentUrl":"https:\/\/secure.gravatar.com\/avatar\/5bc1d9b66ca3a467a5682b267a11fc9ffc8d7cd42e7344b5d80dceaa1082d103?s=96&d=mm&r=g","caption":"Anke Knuth"},"url":"https:\/\/asseln-evangelisch.de\/index.php\/author\/aknuth\/"}]}},"_links":{"self":[{"href":"https:\/\/asseln-evangelisch.de\/index.php\/wp-json\/wp\/v2\/posts\/4320","targetHints":{"allow":["GET"]}}],"collection":[{"href":"https:\/\/asseln-evangelisch.de\/index.php\/wp-json\/wp\/v2\/posts"}],"about":[{"href":"https:\/\/asseln-evangelisch.de\/index.php\/wp-json\/wp\/v2\/types\/post"}],"author":[{"embeddable":true,"href":"https:\/\/asseln-evangelisch.de\/index.php\/wp-json\/wp\/v2\/users\/6"}],"replies":[{"embeddable":true,"href":"https:\/\/asseln-evangelisch.de\/index.php\/wp-json\/wp\/v2\/comments?post=4320"}],"version-history":[{"count":5,"href":"https:\/\/asseln-evangelisch.de\/index.php\/wp-json\/wp\/v2\/posts\/4320\/revisions"}],"predecessor-version":[{"id":4414,"href":"https:\/\/asseln-evangelisch.de\/index.php\/wp-json\/wp\/v2\/posts\/4320\/revisions\/4414"}],"wp:featuredmedia":[{"embeddable":true,"href":"https:\/\/asseln-evangelisch.de\/index.php\/wp-json\/wp\/v2\/media\/4323"}],"wp:attachment":[{"href":"https:\/\/asseln-evangelisch.de\/index.php\/wp-json\/wp\/v2\/media?parent=4320"}],"wp:term":[{"taxonomy":"category","embeddable":true,"href":"https:\/\/asseln-evangelisch.de\/index.php\/wp-json\/wp\/v2\/categories?post=4320"},{"taxonomy":"post_tag","embeddable":true,"href":"https:\/\/asseln-evangelisch.de\/index.php\/wp-json\/wp\/v2\/tags?post=4320"}],"curies":[{"name":"wp","href":"https:\/\/api.w.org\/{rel}","templated":true}]}}