{"id":4348,"date":"2024-03-15T12:01:54","date_gmt":"2024-03-15T11:01:54","guid":{"rendered":"https:\/\/asseln-evangelisch.de\/?p=4348"},"modified":"2024-03-15T12:08:54","modified_gmt":"2024-03-15T11:08:54","slug":"weltgebetstag-palaestina-2024","status":"publish","type":"post","link":"https:\/\/asseln-evangelisch.de\/index.php\/2024\/03\/15\/weltgebetstag-palaestina-2024\/","title":{"rendered":"Weltgebetstag Pal\u00e4stina 2024"},"content":{"rendered":"<p>Was Anfang des letzten Jahrhunderts in den USA entstand und in Deutschland seit 1949 zu einer festen Gr\u00f6\u00dfe wurde, dass ist der Weltgebetstag. Weltweit kommen an jedem ersten Freitag im M\u00e4rz \u00fcberwiegend Frauen zu einem Gottesdienst zusammen und beten f\u00fcr Frieden, wobei Jahr f\u00fcr Jahr eine anderes Land im Focus steht. Auch wir hier in Asseln pflegen diese Tradition seit Jahrzehnten.<\/p>\n<p>Das diesj\u00e4hrige Gastgeberland war schon von vornherein kein einfaches: Pal\u00e4stina. Es bekam aber durch die Geschehnisse vom 7.Oktober 2023 eine zus\u00e4tzliche ungeheure Brisanz.<\/p>\n<p>Unser Gottesdienstteam hat sich im Vorfeld viel mit diesem Thema besch\u00e4ftigt, viel zusammen diskutiert, Informationen \u00fcber Land und Leute gesammelt, einen Workshop besucht und das vorgegebene Material des deutschen WGT-Komitees gesichtet. Herausgekommen ist ein gelungener Gottesdienst, zu dem wir am 1.M\u00e4rz gut 80 Frauen verschiedenster Konfessionen und Glaubensrichtungen in unserer Lutherkirche begr\u00fc\u00dfen durften. Nach dem eigentlichen Gottesdienst, in dessen Mittelpunkt das Schicksal dreier pal\u00e4stinensischer Christinnen stand und der musikalisch von Herrn Tobias Schneider am Fl\u00fcgel begleitet wurde, hatten alle Besucherinnen noch Zeit und Gelegenheit, sich bei einer Tasse Kaffee oder Tee und einem leckerem typisch pal\u00e4stinensischen Geb\u00e4ck untereinander auszutauschen oder einfach mal nur nett miteinander zu plaudern.<\/p>\n","protected":false},"excerpt":{"rendered":"<p>Was Anfang des letzten Jahrhunderts in den USA entstand und  [&#8230;]<\/p>\n","protected":false},"author":6,"featured_media":4355,"comment_status":"open","ping_status":"closed","sticky":false,"template":"","format":"standard","meta":{"footnotes":""},"categories":[1],"tags":[],"class_list":["post-4348","post","type-post","status-publish","format-standard","has-post-thumbnail","hentry","category-uncategorized"],"yoast_head":"<!-- This site is optimized with the Yoast SEO plugin v27.3 - https:\/\/yoast.com\/product\/yoast-seo-wordpress\/ -->\n<title>Weltgebetstag Pal\u00e4stina 2024 - Gemeinde Asseln<\/title>\n<meta name=\"robots\" content=\"index, follow, max-snippet:-1, max-image-preview:large, max-video-preview:-1\" \/>\n<link rel=\"canonical\" href=\"https:\/\/asseln-evangelisch.de\/index.php\/2024\/03\/15\/weltgebetstag-palaestina-2024\/\" \/>\n<meta property=\"og:locale\" content=\"de_DE\" \/>\n<meta property=\"og:type\" content=\"article\" \/>\n<meta property=\"og:title\" content=\"Weltgebetstag Pal\u00e4stina 2024 - Gemeinde Asseln\" \/>\n<meta property=\"og:description\" content=\"Was Anfang des letzten Jahrhunderts in den USA entstand und [...]\" \/>\n<meta property=\"og:url\" content=\"https:\/\/asseln-evangelisch.de\/index.php\/2024\/03\/15\/weltgebetstag-palaestina-2024\/\" \/>\n<meta property=\"og:site_name\" content=\"Gemeinde Asseln\" \/>\n<meta property=\"article:published_time\" content=\"2024-03-15T11:01:54+00:00\" \/>\n<meta property=\"article:modified_time\" content=\"2024-03-15T11:08:54+00:00\" \/>\n<meta property=\"og:image\" content=\"https:\/\/asseln-evangelisch.de\/wp-content\/uploads\/2024\/03\/WGT24.jpg\" \/>\n\t<meta property=\"og:image:width\" content=\"535\" \/>\n\t<meta property=\"og:image:height\" content=\"300\" \/>\n\t<meta property=\"og:image:type\" content=\"image\/jpeg\" \/>\n<meta name=\"author\" content=\"Anke Knuth\" \/>\n<meta name=\"twitter:card\" content=\"summary_large_image\" \/>\n<meta name=\"twitter:label1\" content=\"Verfasst von\" \/>\n\t<meta name=\"twitter:data1\" content=\"Anke Knuth\" \/>\n\t<meta name=\"twitter:label2\" content=\"Gesch\u00e4tzte Lesezeit\" \/>\n\t<meta name=\"twitter:data2\" content=\"2\u00a0Minuten\" \/>\n<script type=\"application\/ld+json\" class=\"yoast-schema-graph\">{\"@context\":\"https:\\\/\\\/schema.org\",\"@graph\":[{\"@type\":\"Article\",\"@id\":\"https:\\\/\\\/asseln-evangelisch.de\\\/index.php\\\/2024\\\/03\\\/15\\\/weltgebetstag-palaestina-2024\\\/#article\",\"isPartOf\":{\"@id\":\"https:\\\/\\\/asseln-evangelisch.de\\\/index.php\\\/2024\\\/03\\\/15\\\/weltgebetstag-palaestina-2024\\\/\"},\"author\":{\"name\":\"Anke Knuth\",\"@id\":\"https:\\\/\\\/asseln-evangelisch.de\\\/#\\\/schema\\\/person\\\/e3bc5cb8714cf2814bdea40ce6d8fe52\"},\"headline\":\"Weltgebetstag Pal\u00e4stina 2024\",\"datePublished\":\"2024-03-15T11:01:54+00:00\",\"dateModified\":\"2024-03-15T11:08:54+00:00\",\"mainEntityOfPage\":{\"@id\":\"https:\\\/\\\/asseln-evangelisch.de\\\/index.php\\\/2024\\\/03\\\/15\\\/weltgebetstag-palaestina-2024\\\/\"},\"wordCount\":205,\"commentCount\":0,\"image\":{\"@id\":\"https:\\\/\\\/asseln-evangelisch.de\\\/index.php\\\/2024\\\/03\\\/15\\\/weltgebetstag-palaestina-2024\\\/#primaryimage\"},\"thumbnailUrl\":\"https:\\\/\\\/asseln-evangelisch.de\\\/wp-content\\\/uploads\\\/2024\\\/03\\\/WGT24.jpg\",\"articleSection\":[\"Uncategorized\"],\"inLanguage\":\"de\",\"potentialAction\":[{\"@type\":\"CommentAction\",\"name\":\"Comment\",\"target\":[\"https:\\\/\\\/asseln-evangelisch.de\\\/index.php\\\/2024\\\/03\\\/15\\\/weltgebetstag-palaestina-2024\\\/#respond\"]}]},{\"@type\":\"WebPage\",\"@id\":\"https:\\\/\\\/asseln-evangelisch.de\\\/index.php\\\/2024\\\/03\\\/15\\\/weltgebetstag-palaestina-2024\\\/\",\"url\":\"https:\\\/\\\/asseln-evangelisch.de\\\/index.php\\\/2024\\\/03\\\/15\\\/weltgebetstag-palaestina-2024\\\/\",\"name\":\"Weltgebetstag Pal\u00e4stina 2024 - Gemeinde Asseln\",\"isPartOf\":{\"@id\":\"https:\\\/\\\/asseln-evangelisch.de\\\/#website\"},\"primaryImageOfPage\":{\"@id\":\"https:\\\/\\\/asseln-evangelisch.de\\\/index.php\\\/2024\\\/03\\\/15\\\/weltgebetstag-palaestina-2024\\\/#primaryimage\"},\"image\":{\"@id\":\"https:\\\/\\\/asseln-evangelisch.de\\\/index.php\\\/2024\\\/03\\\/15\\\/weltgebetstag-palaestina-2024\\\/#primaryimage\"},\"thumbnailUrl\":\"https:\\\/\\\/asseln-evangelisch.de\\\/wp-content\\\/uploads\\\/2024\\\/03\\\/WGT24.jpg\",\"datePublished\":\"2024-03-15T11:01:54+00:00\",\"dateModified\":\"2024-03-15T11:08:54+00:00\",\"author\":{\"@id\":\"https:\\\/\\\/asseln-evangelisch.de\\\/#\\\/schema\\\/person\\\/e3bc5cb8714cf2814bdea40ce6d8fe52\"},\"breadcrumb\":{\"@id\":\"https:\\\/\\\/asseln-evangelisch.de\\\/index.php\\\/2024\\\/03\\\/15\\\/weltgebetstag-palaestina-2024\\\/#breadcrumb\"},\"inLanguage\":\"de\",\"potentialAction\":[{\"@type\":\"ReadAction\",\"target\":[\"https:\\\/\\\/asseln-evangelisch.de\\\/index.php\\\/2024\\\/03\\\/15\\\/weltgebetstag-palaestina-2024\\\/\"]}]},{\"@type\":\"ImageObject\",\"inLanguage\":\"de\",\"@id\":\"https:\\\/\\\/asseln-evangelisch.de\\\/index.php\\\/2024\\\/03\\\/15\\\/weltgebetstag-palaestina-2024\\\/#primaryimage\",\"url\":\"https:\\\/\\\/asseln-evangelisch.de\\\/wp-content\\\/uploads\\\/2024\\\/03\\\/WGT24.jpg\",\"contentUrl\":\"https:\\\/\\\/asseln-evangelisch.de\\\/wp-content\\\/uploads\\\/2024\\\/03\\\/WGT24.jpg\",\"width\":535,\"height\":300},{\"@type\":\"BreadcrumbList\",\"@id\":\"https:\\\/\\\/asseln-evangelisch.de\\\/index.php\\\/2024\\\/03\\\/15\\\/weltgebetstag-palaestina-2024\\\/#breadcrumb\",\"itemListElement\":[{\"@type\":\"ListItem\",\"position\":1,\"name\":\"Startseite\",\"item\":\"https:\\\/\\\/asseln-evangelisch.de\\\/\"},{\"@type\":\"ListItem\",\"position\":2,\"name\":\"Weltgebetstag Pal\u00e4stina 2024\"}]},{\"@type\":\"WebSite\",\"@id\":\"https:\\\/\\\/asseln-evangelisch.de\\\/#website\",\"url\":\"https:\\\/\\\/asseln-evangelisch.de\\\/\",\"name\":\"Gemeinde Asseln\",\"description\":\"Ev.-Luth. Kirchengemeinde Asseln\",\"potentialAction\":[{\"@type\":\"SearchAction\",\"target\":{\"@type\":\"EntryPoint\",\"urlTemplate\":\"https:\\\/\\\/asseln-evangelisch.de\\\/?s={search_term_string}\"},\"query-input\":{\"@type\":\"PropertyValueSpecification\",\"valueRequired\":true,\"valueName\":\"search_term_string\"}}],\"inLanguage\":\"de\"},{\"@type\":\"Person\",\"@id\":\"https:\\\/\\\/asseln-evangelisch.de\\\/#\\\/schema\\\/person\\\/e3bc5cb8714cf2814bdea40ce6d8fe52\",\"name\":\"Anke Knuth\",\"image\":{\"@type\":\"ImageObject\",\"inLanguage\":\"de\",\"@id\":\"https:\\\/\\\/secure.gravatar.com\\\/avatar\\\/5bc1d9b66ca3a467a5682b267a11fc9ffc8d7cd42e7344b5d80dceaa1082d103?s=96&d=mm&r=g\",\"url\":\"https:\\\/\\\/secure.gravatar.com\\\/avatar\\\/5bc1d9b66ca3a467a5682b267a11fc9ffc8d7cd42e7344b5d80dceaa1082d103?s=96&d=mm&r=g\",\"contentUrl\":\"https:\\\/\\\/secure.gravatar.com\\\/avatar\\\/5bc1d9b66ca3a467a5682b267a11fc9ffc8d7cd42e7344b5d80dceaa1082d103?s=96&d=mm&r=g\",\"caption\":\"Anke Knuth\"},\"url\":\"https:\\\/\\\/asseln-evangelisch.de\\\/index.php\\\/author\\\/aknuth\\\/\"}]}<\/script>\n<!-- \/ Yoast SEO plugin. -->","yoast_head_json":{"title":"Weltgebetstag Pal\u00e4stina 2024 - Gemeinde Asseln","robots":{"index":"index","follow":"follow","max-snippet":"max-snippet:-1","max-image-preview":"max-image-preview:large","max-video-preview":"max-video-preview:-1"},"canonical":"https:\/\/asseln-evangelisch.de\/index.php\/2024\/03\/15\/weltgebetstag-palaestina-2024\/","og_locale":"de_DE","og_type":"article","og_title":"Weltgebetstag Pal\u00e4stina 2024 - Gemeinde Asseln","og_description":"Was Anfang des letzten Jahrhunderts in den USA entstand und [...]","og_url":"https:\/\/asseln-evangelisch.de\/index.php\/2024\/03\/15\/weltgebetstag-palaestina-2024\/","og_site_name":"Gemeinde Asseln","article_published_time":"2024-03-15T11:01:54+00:00","article_modified_time":"2024-03-15T11:08:54+00:00","og_image":[{"width":535,"height":300,"url":"https:\/\/asseln-evangelisch.de\/wp-content\/uploads\/2024\/03\/WGT24.jpg","type":"image\/jpeg"}],"author":"Anke Knuth","twitter_card":"summary_large_image","twitter_misc":{"Verfasst von":"Anke Knuth","Gesch\u00e4tzte Lesezeit":"2\u00a0Minuten"},"schema":{"@context":"https:\/\/schema.org","@graph":[{"@type":"Article","@id":"https:\/\/asseln-evangelisch.de\/index.php\/2024\/03\/15\/weltgebetstag-palaestina-2024\/#article","isPartOf":{"@id":"https:\/\/asseln-evangelisch.de\/index.php\/2024\/03\/15\/weltgebetstag-palaestina-2024\/"},"author":{"name":"Anke Knuth","@id":"https:\/\/asseln-evangelisch.de\/#\/schema\/person\/e3bc5cb8714cf2814bdea40ce6d8fe52"},"headline":"Weltgebetstag Pal\u00e4stina 2024","datePublished":"2024-03-15T11:01:54+00:00","dateModified":"2024-03-15T11:08:54+00:00","mainEntityOfPage":{"@id":"https:\/\/asseln-evangelisch.de\/index.php\/2024\/03\/15\/weltgebetstag-palaestina-2024\/"},"wordCount":205,"commentCount":0,"image":{"@id":"https:\/\/asseln-evangelisch.de\/index.php\/2024\/03\/15\/weltgebetstag-palaestina-2024\/#primaryimage"},"thumbnailUrl":"https:\/\/asseln-evangelisch.de\/wp-content\/uploads\/2024\/03\/WGT24.jpg","articleSection":["Uncategorized"],"inLanguage":"de","potentialAction":[{"@type":"CommentAction","name":"Comment","target":["https:\/\/asseln-evangelisch.de\/index.php\/2024\/03\/15\/weltgebetstag-palaestina-2024\/#respond"]}]},{"@type":"WebPage","@id":"https:\/\/asseln-evangelisch.de\/index.php\/2024\/03\/15\/weltgebetstag-palaestina-2024\/","url":"https:\/\/asseln-evangelisch.de\/index.php\/2024\/03\/15\/weltgebetstag-palaestina-2024\/","name":"Weltgebetstag Pal\u00e4stina 2024 - Gemeinde Asseln","isPartOf":{"@id":"https:\/\/asseln-evangelisch.de\/#website"},"primaryImageOfPage":{"@id":"https:\/\/asseln-evangelisch.de\/index.php\/2024\/03\/15\/weltgebetstag-palaestina-2024\/#primaryimage"},"image":{"@id":"https:\/\/asseln-evangelisch.de\/index.php\/2024\/03\/15\/weltgebetstag-palaestina-2024\/#primaryimage"},"thumbnailUrl":"https:\/\/asseln-evangelisch.de\/wp-content\/uploads\/2024\/03\/WGT24.jpg","datePublished":"2024-03-15T11:01:54+00:00","dateModified":"2024-03-15T11:08:54+00:00","author":{"@id":"https:\/\/asseln-evangelisch.de\/#\/schema\/person\/e3bc5cb8714cf2814bdea40ce6d8fe52"},"breadcrumb":{"@id":"https:\/\/asseln-evangelisch.de\/index.php\/2024\/03\/15\/weltgebetstag-palaestina-2024\/#breadcrumb"},"inLanguage":"de","potentialAction":[{"@type":"ReadAction","target":["https:\/\/asseln-evangelisch.de\/index.php\/2024\/03\/15\/weltgebetstag-palaestina-2024\/"]}]},{"@type":"ImageObject","inLanguage":"de","@id":"https:\/\/asseln-evangelisch.de\/index.php\/2024\/03\/15\/weltgebetstag-palaestina-2024\/#primaryimage","url":"https:\/\/asseln-evangelisch.de\/wp-content\/uploads\/2024\/03\/WGT24.jpg","contentUrl":"https:\/\/asseln-evangelisch.de\/wp-content\/uploads\/2024\/03\/WGT24.jpg","width":535,"height":300},{"@type":"BreadcrumbList","@id":"https:\/\/asseln-evangelisch.de\/index.php\/2024\/03\/15\/weltgebetstag-palaestina-2024\/#breadcrumb","itemListElement":[{"@type":"ListItem","position":1,"name":"Startseite","item":"https:\/\/asseln-evangelisch.de\/"},{"@type":"ListItem","position":2,"name":"Weltgebetstag Pal\u00e4stina 2024"}]},{"@type":"WebSite","@id":"https:\/\/asseln-evangelisch.de\/#website","url":"https:\/\/asseln-evangelisch.de\/","name":"Gemeinde Asseln","description":"Ev.-Luth. Kirchengemeinde Asseln","potentialAction":[{"@type":"SearchAction","target":{"@type":"EntryPoint","urlTemplate":"https:\/\/asseln-evangelisch.de\/?s={search_term_string}"},"query-input":{"@type":"PropertyValueSpecification","valueRequired":true,"valueName":"search_term_string"}}],"inLanguage":"de"},{"@type":"Person","@id":"https:\/\/asseln-evangelisch.de\/#\/schema\/person\/e3bc5cb8714cf2814bdea40ce6d8fe52","name":"Anke Knuth","image":{"@type":"ImageObject","inLanguage":"de","@id":"https:\/\/secure.gravatar.com\/avatar\/5bc1d9b66ca3a467a5682b267a11fc9ffc8d7cd42e7344b5d80dceaa1082d103?s=96&d=mm&r=g","url":"https:\/\/secure.gravatar.com\/avatar\/5bc1d9b66ca3a467a5682b267a11fc9ffc8d7cd42e7344b5d80dceaa1082d103?s=96&d=mm&r=g","contentUrl":"https:\/\/secure.gravatar.com\/avatar\/5bc1d9b66ca3a467a5682b267a11fc9ffc8d7cd42e7344b5d80dceaa1082d103?s=96&d=mm&r=g","caption":"Anke Knuth"},"url":"https:\/\/asseln-evangelisch.de\/index.php\/author\/aknuth\/"}]}},"_links":{"self":[{"href":"https:\/\/asseln-evangelisch.de\/index.php\/wp-json\/wp\/v2\/posts\/4348","targetHints":{"allow":["GET"]}}],"collection":[{"href":"https:\/\/asseln-evangelisch.de\/index.php\/wp-json\/wp\/v2\/posts"}],"about":[{"href":"https:\/\/asseln-evangelisch.de\/index.php\/wp-json\/wp\/v2\/types\/post"}],"author":[{"embeddable":true,"href":"https:\/\/asseln-evangelisch.de\/index.php\/wp-json\/wp\/v2\/users\/6"}],"replies":[{"embeddable":true,"href":"https:\/\/asseln-evangelisch.de\/index.php\/wp-json\/wp\/v2\/comments?post=4348"}],"version-history":[{"count":2,"href":"https:\/\/asseln-evangelisch.de\/index.php\/wp-json\/wp\/v2\/posts\/4348\/revisions"}],"predecessor-version":[{"id":4351,"href":"https:\/\/asseln-evangelisch.de\/index.php\/wp-json\/wp\/v2\/posts\/4348\/revisions\/4351"}],"wp:featuredmedia":[{"embeddable":true,"href":"https:\/\/asseln-evangelisch.de\/index.php\/wp-json\/wp\/v2\/media\/4355"}],"wp:attachment":[{"href":"https:\/\/asseln-evangelisch.de\/index.php\/wp-json\/wp\/v2\/media?parent=4348"}],"wp:term":[{"taxonomy":"category","embeddable":true,"href":"https:\/\/asseln-evangelisch.de\/index.php\/wp-json\/wp\/v2\/categories?post=4348"},{"taxonomy":"post_tag","embeddable":true,"href":"https:\/\/asseln-evangelisch.de\/index.php\/wp-json\/wp\/v2\/tags?post=4348"}],"curies":[{"name":"wp","href":"https:\/\/api.w.org\/{rel}","templated":true}]}}