{"id":4445,"date":"2024-03-28T17:22:11","date_gmt":"2024-03-28T16:22:11","guid":{"rendered":"https:\/\/asseln-evangelisch.de\/?p=4445"},"modified":"2024-04-04T17:19:48","modified_gmt":"2024-04-04T15:19:48","slug":"feierabendmahl-am-gruendonnerstag-2","status":"publish","type":"post","link":"https:\/\/asseln-evangelisch.de\/index.php\/2024\/03\/28\/feierabendmahl-am-gruendonnerstag-2\/","title":{"rendered":"Feierabendmahl am Gr\u00fcndonnerstag"},"content":{"rendered":"<p><img decoding=\"async\" class=\"alignnone size-full wp-image-4464\" src=\"https:\/\/asseln-evangelisch.de\/wp-content\/uploads\/2024\/03\/Feierabendmahl.jpg\" alt=\"\" width=\"300\" height=\"212\" srcset=\"https:\/\/asseln-evangelisch.de\/wp-content\/uploads\/2024\/03\/Feierabendmahl-200x141.jpg 200w, https:\/\/asseln-evangelisch.de\/wp-content\/uploads\/2024\/03\/Feierabendmahl.jpg 300w\" sizes=\"(max-width: 300px) 100vw, 300px\" \/><\/p>\n<p>Der Einladung zum Feierabendmahl folgten fast 50 G\u00e4ste, die einen gelungenen Abend erlebten, der Raum f\u00fcr viele Gespr\u00e4che und Begegnungen bot.<br \/>\nDurch den Gottesdienst f\u00fchrte Pfarrer Karangwa, der nach seiner Ansprache die fast 50 G\u00e4ste zur gemeinsamen Mahlzeit einlud &#8211; die mitgebrachten Speisen bildeten ein buntes und vielf\u00e4ltiges Buffet, das die Vielfalt unserer Gemeinde wiederspiegelte. W\u00e4hrend des Abendmahls mit Brot und Wein wurde an das Passahmahl erinnert, das Jesus mit seinen engsten Vertrauten am Abend vor seiner Gefangennahme am Karfreitag gefeiert hat.<br \/>\nDer Abend wurde musikalisch gestaltet von Tobias Schneider am Fl\u00fcgel, Anke Letzig begleitete ihn mit ihrer Fl\u00f6te.<\/p>\n","protected":false},"excerpt":{"rendered":"<p>Der Einladung zum Feierabendmahl folgten fast 50 G\u00e4ste, die einen  [&#8230;]<\/p>\n","protected":false},"author":6,"featured_media":4446,"comment_status":"open","ping_status":"closed","sticky":false,"template":"","format":"standard","meta":{"footnotes":""},"categories":[1],"tags":[],"class_list":["post-4445","post","type-post","status-publish","format-standard","has-post-thumbnail","hentry","category-uncategorized"],"yoast_head":"<!-- This site is optimized with the Yoast SEO plugin v27.3 - https:\/\/yoast.com\/product\/yoast-seo-wordpress\/ -->\n<title>Feierabendmahl am Gr\u00fcndonnerstag - Gemeinde Asseln<\/title>\n<meta name=\"robots\" content=\"index, follow, max-snippet:-1, max-image-preview:large, max-video-preview:-1\" \/>\n<link rel=\"canonical\" href=\"https:\/\/asseln-evangelisch.de\/index.php\/2024\/03\/28\/feierabendmahl-am-gruendonnerstag-2\/\" \/>\n<meta property=\"og:locale\" content=\"de_DE\" \/>\n<meta property=\"og:type\" content=\"article\" \/>\n<meta property=\"og:title\" content=\"Feierabendmahl am Gr\u00fcndonnerstag - Gemeinde Asseln\" \/>\n<meta property=\"og:description\" content=\"Der Einladung zum Feierabendmahl folgten fast 50 G\u00e4ste, die einen [...]\" \/>\n<meta property=\"og:url\" content=\"https:\/\/asseln-evangelisch.de\/index.php\/2024\/03\/28\/feierabendmahl-am-gruendonnerstag-2\/\" \/>\n<meta property=\"og:site_name\" content=\"Gemeinde Asseln\" \/>\n<meta property=\"article:published_time\" content=\"2024-03-28T16:22:11+00:00\" \/>\n<meta property=\"article:modified_time\" content=\"2024-04-04T15:19:48+00:00\" \/>\n<meta name=\"author\" content=\"Anke Knuth\" \/>\n<meta name=\"twitter:card\" content=\"summary_large_image\" \/>\n<meta name=\"twitter:label1\" content=\"Verfasst von\" \/>\n\t<meta name=\"twitter:data1\" content=\"Anke Knuth\" \/>\n\t<meta name=\"twitter:label2\" content=\"Gesch\u00e4tzte Lesezeit\" \/>\n\t<meta name=\"twitter:data2\" content=\"1\u00a0Minute\" \/>\n<script type=\"application\/ld+json\" class=\"yoast-schema-graph\">{\"@context\":\"https:\\\/\\\/schema.org\",\"@graph\":[{\"@type\":\"Article\",\"@id\":\"https:\\\/\\\/asseln-evangelisch.de\\\/index.php\\\/2024\\\/03\\\/28\\\/feierabendmahl-am-gruendonnerstag-2\\\/#article\",\"isPartOf\":{\"@id\":\"https:\\\/\\\/asseln-evangelisch.de\\\/index.php\\\/2024\\\/03\\\/28\\\/feierabendmahl-am-gruendonnerstag-2\\\/\"},\"author\":{\"name\":\"Anke Knuth\",\"@id\":\"https:\\\/\\\/asseln-evangelisch.de\\\/#\\\/schema\\\/person\\\/e3bc5cb8714cf2814bdea40ce6d8fe52\"},\"headline\":\"Feierabendmahl am Gr\u00fcndonnerstag\",\"datePublished\":\"2024-03-28T16:22:11+00:00\",\"dateModified\":\"2024-04-04T15:19:48+00:00\",\"mainEntityOfPage\":{\"@id\":\"https:\\\/\\\/asseln-evangelisch.de\\\/index.php\\\/2024\\\/03\\\/28\\\/feierabendmahl-am-gruendonnerstag-2\\\/\"},\"wordCount\":110,\"commentCount\":0,\"image\":{\"@id\":\"https:\\\/\\\/asseln-evangelisch.de\\\/index.php\\\/2024\\\/03\\\/28\\\/feierabendmahl-am-gruendonnerstag-2\\\/#primaryimage\"},\"thumbnailUrl\":\"https:\\\/\\\/asseln-evangelisch.de\\\/wp-content\\\/uploads\\\/2024\\\/03\\\/Feierabendmahl-2024-pdf.jpg\",\"articleSection\":[\"Uncategorized\"],\"inLanguage\":\"de\",\"potentialAction\":[{\"@type\":\"CommentAction\",\"name\":\"Comment\",\"target\":[\"https:\\\/\\\/asseln-evangelisch.de\\\/index.php\\\/2024\\\/03\\\/28\\\/feierabendmahl-am-gruendonnerstag-2\\\/#respond\"]}]},{\"@type\":\"WebPage\",\"@id\":\"https:\\\/\\\/asseln-evangelisch.de\\\/index.php\\\/2024\\\/03\\\/28\\\/feierabendmahl-am-gruendonnerstag-2\\\/\",\"url\":\"https:\\\/\\\/asseln-evangelisch.de\\\/index.php\\\/2024\\\/03\\\/28\\\/feierabendmahl-am-gruendonnerstag-2\\\/\",\"name\":\"Feierabendmahl am Gr\u00fcndonnerstag - Gemeinde Asseln\",\"isPartOf\":{\"@id\":\"https:\\\/\\\/asseln-evangelisch.de\\\/#website\"},\"primaryImageOfPage\":{\"@id\":\"https:\\\/\\\/asseln-evangelisch.de\\\/index.php\\\/2024\\\/03\\\/28\\\/feierabendmahl-am-gruendonnerstag-2\\\/#primaryimage\"},\"image\":{\"@id\":\"https:\\\/\\\/asseln-evangelisch.de\\\/index.php\\\/2024\\\/03\\\/28\\\/feierabendmahl-am-gruendonnerstag-2\\\/#primaryimage\"},\"thumbnailUrl\":\"https:\\\/\\\/asseln-evangelisch.de\\\/wp-content\\\/uploads\\\/2024\\\/03\\\/Feierabendmahl-2024-pdf.jpg\",\"datePublished\":\"2024-03-28T16:22:11+00:00\",\"dateModified\":\"2024-04-04T15:19:48+00:00\",\"author\":{\"@id\":\"https:\\\/\\\/asseln-evangelisch.de\\\/#\\\/schema\\\/person\\\/e3bc5cb8714cf2814bdea40ce6d8fe52\"},\"breadcrumb\":{\"@id\":\"https:\\\/\\\/asseln-evangelisch.de\\\/index.php\\\/2024\\\/03\\\/28\\\/feierabendmahl-am-gruendonnerstag-2\\\/#breadcrumb\"},\"inLanguage\":\"de\",\"potentialAction\":[{\"@type\":\"ReadAction\",\"target\":[\"https:\\\/\\\/asseln-evangelisch.de\\\/index.php\\\/2024\\\/03\\\/28\\\/feierabendmahl-am-gruendonnerstag-2\\\/\"]}]},{\"@type\":\"ImageObject\",\"inLanguage\":\"de\",\"@id\":\"https:\\\/\\\/asseln-evangelisch.de\\\/index.php\\\/2024\\\/03\\\/28\\\/feierabendmahl-am-gruendonnerstag-2\\\/#primaryimage\",\"url\":\"https:\\\/\\\/asseln-evangelisch.de\\\/wp-content\\\/uploads\\\/2024\\\/03\\\/Feierabendmahl-2024-pdf.jpg\",\"contentUrl\":\"https:\\\/\\\/asseln-evangelisch.de\\\/wp-content\\\/uploads\\\/2024\\\/03\\\/Feierabendmahl-2024-pdf.jpg\"},{\"@type\":\"BreadcrumbList\",\"@id\":\"https:\\\/\\\/asseln-evangelisch.de\\\/index.php\\\/2024\\\/03\\\/28\\\/feierabendmahl-am-gruendonnerstag-2\\\/#breadcrumb\",\"itemListElement\":[{\"@type\":\"ListItem\",\"position\":1,\"name\":\"Startseite\",\"item\":\"https:\\\/\\\/asseln-evangelisch.de\\\/\"},{\"@type\":\"ListItem\",\"position\":2,\"name\":\"Feierabendmahl am Gr\u00fcndonnerstag\"}]},{\"@type\":\"WebSite\",\"@id\":\"https:\\\/\\\/asseln-evangelisch.de\\\/#website\",\"url\":\"https:\\\/\\\/asseln-evangelisch.de\\\/\",\"name\":\"Gemeinde Asseln\",\"description\":\"Ev.-Luth. Kirchengemeinde Asseln\",\"potentialAction\":[{\"@type\":\"SearchAction\",\"target\":{\"@type\":\"EntryPoint\",\"urlTemplate\":\"https:\\\/\\\/asseln-evangelisch.de\\\/?s={search_term_string}\"},\"query-input\":{\"@type\":\"PropertyValueSpecification\",\"valueRequired\":true,\"valueName\":\"search_term_string\"}}],\"inLanguage\":\"de\"},{\"@type\":\"Person\",\"@id\":\"https:\\\/\\\/asseln-evangelisch.de\\\/#\\\/schema\\\/person\\\/e3bc5cb8714cf2814bdea40ce6d8fe52\",\"name\":\"Anke Knuth\",\"image\":{\"@type\":\"ImageObject\",\"inLanguage\":\"de\",\"@id\":\"https:\\\/\\\/secure.gravatar.com\\\/avatar\\\/5bc1d9b66ca3a467a5682b267a11fc9ffc8d7cd42e7344b5d80dceaa1082d103?s=96&d=mm&r=g\",\"url\":\"https:\\\/\\\/secure.gravatar.com\\\/avatar\\\/5bc1d9b66ca3a467a5682b267a11fc9ffc8d7cd42e7344b5d80dceaa1082d103?s=96&d=mm&r=g\",\"contentUrl\":\"https:\\\/\\\/secure.gravatar.com\\\/avatar\\\/5bc1d9b66ca3a467a5682b267a11fc9ffc8d7cd42e7344b5d80dceaa1082d103?s=96&d=mm&r=g\",\"caption\":\"Anke Knuth\"},\"url\":\"https:\\\/\\\/asseln-evangelisch.de\\\/index.php\\\/author\\\/aknuth\\\/\"}]}<\/script>\n<!-- \/ Yoast SEO plugin. -->","yoast_head_json":{"title":"Feierabendmahl am Gr\u00fcndonnerstag - Gemeinde Asseln","robots":{"index":"index","follow":"follow","max-snippet":"max-snippet:-1","max-image-preview":"max-image-preview:large","max-video-preview":"max-video-preview:-1"},"canonical":"https:\/\/asseln-evangelisch.de\/index.php\/2024\/03\/28\/feierabendmahl-am-gruendonnerstag-2\/","og_locale":"de_DE","og_type":"article","og_title":"Feierabendmahl am Gr\u00fcndonnerstag - Gemeinde Asseln","og_description":"Der Einladung zum Feierabendmahl folgten fast 50 G\u00e4ste, die einen [...]","og_url":"https:\/\/asseln-evangelisch.de\/index.php\/2024\/03\/28\/feierabendmahl-am-gruendonnerstag-2\/","og_site_name":"Gemeinde Asseln","article_published_time":"2024-03-28T16:22:11+00:00","article_modified_time":"2024-04-04T15:19:48+00:00","author":"Anke Knuth","twitter_card":"summary_large_image","twitter_misc":{"Verfasst von":"Anke Knuth","Gesch\u00e4tzte Lesezeit":"1\u00a0Minute"},"schema":{"@context":"https:\/\/schema.org","@graph":[{"@type":"Article","@id":"https:\/\/asseln-evangelisch.de\/index.php\/2024\/03\/28\/feierabendmahl-am-gruendonnerstag-2\/#article","isPartOf":{"@id":"https:\/\/asseln-evangelisch.de\/index.php\/2024\/03\/28\/feierabendmahl-am-gruendonnerstag-2\/"},"author":{"name":"Anke Knuth","@id":"https:\/\/asseln-evangelisch.de\/#\/schema\/person\/e3bc5cb8714cf2814bdea40ce6d8fe52"},"headline":"Feierabendmahl am Gr\u00fcndonnerstag","datePublished":"2024-03-28T16:22:11+00:00","dateModified":"2024-04-04T15:19:48+00:00","mainEntityOfPage":{"@id":"https:\/\/asseln-evangelisch.de\/index.php\/2024\/03\/28\/feierabendmahl-am-gruendonnerstag-2\/"},"wordCount":110,"commentCount":0,"image":{"@id":"https:\/\/asseln-evangelisch.de\/index.php\/2024\/03\/28\/feierabendmahl-am-gruendonnerstag-2\/#primaryimage"},"thumbnailUrl":"https:\/\/asseln-evangelisch.de\/wp-content\/uploads\/2024\/03\/Feierabendmahl-2024-pdf.jpg","articleSection":["Uncategorized"],"inLanguage":"de","potentialAction":[{"@type":"CommentAction","name":"Comment","target":["https:\/\/asseln-evangelisch.de\/index.php\/2024\/03\/28\/feierabendmahl-am-gruendonnerstag-2\/#respond"]}]},{"@type":"WebPage","@id":"https:\/\/asseln-evangelisch.de\/index.php\/2024\/03\/28\/feierabendmahl-am-gruendonnerstag-2\/","url":"https:\/\/asseln-evangelisch.de\/index.php\/2024\/03\/28\/feierabendmahl-am-gruendonnerstag-2\/","name":"Feierabendmahl am Gr\u00fcndonnerstag - Gemeinde Asseln","isPartOf":{"@id":"https:\/\/asseln-evangelisch.de\/#website"},"primaryImageOfPage":{"@id":"https:\/\/asseln-evangelisch.de\/index.php\/2024\/03\/28\/feierabendmahl-am-gruendonnerstag-2\/#primaryimage"},"image":{"@id":"https:\/\/asseln-evangelisch.de\/index.php\/2024\/03\/28\/feierabendmahl-am-gruendonnerstag-2\/#primaryimage"},"thumbnailUrl":"https:\/\/asseln-evangelisch.de\/wp-content\/uploads\/2024\/03\/Feierabendmahl-2024-pdf.jpg","datePublished":"2024-03-28T16:22:11+00:00","dateModified":"2024-04-04T15:19:48+00:00","author":{"@id":"https:\/\/asseln-evangelisch.de\/#\/schema\/person\/e3bc5cb8714cf2814bdea40ce6d8fe52"},"breadcrumb":{"@id":"https:\/\/asseln-evangelisch.de\/index.php\/2024\/03\/28\/feierabendmahl-am-gruendonnerstag-2\/#breadcrumb"},"inLanguage":"de","potentialAction":[{"@type":"ReadAction","target":["https:\/\/asseln-evangelisch.de\/index.php\/2024\/03\/28\/feierabendmahl-am-gruendonnerstag-2\/"]}]},{"@type":"ImageObject","inLanguage":"de","@id":"https:\/\/asseln-evangelisch.de\/index.php\/2024\/03\/28\/feierabendmahl-am-gruendonnerstag-2\/#primaryimage","url":"https:\/\/asseln-evangelisch.de\/wp-content\/uploads\/2024\/03\/Feierabendmahl-2024-pdf.jpg","contentUrl":"https:\/\/asseln-evangelisch.de\/wp-content\/uploads\/2024\/03\/Feierabendmahl-2024-pdf.jpg"},{"@type":"BreadcrumbList","@id":"https:\/\/asseln-evangelisch.de\/index.php\/2024\/03\/28\/feierabendmahl-am-gruendonnerstag-2\/#breadcrumb","itemListElement":[{"@type":"ListItem","position":1,"name":"Startseite","item":"https:\/\/asseln-evangelisch.de\/"},{"@type":"ListItem","position":2,"name":"Feierabendmahl am Gr\u00fcndonnerstag"}]},{"@type":"WebSite","@id":"https:\/\/asseln-evangelisch.de\/#website","url":"https:\/\/asseln-evangelisch.de\/","name":"Gemeinde Asseln","description":"Ev.-Luth. Kirchengemeinde Asseln","potentialAction":[{"@type":"SearchAction","target":{"@type":"EntryPoint","urlTemplate":"https:\/\/asseln-evangelisch.de\/?s={search_term_string}"},"query-input":{"@type":"PropertyValueSpecification","valueRequired":true,"valueName":"search_term_string"}}],"inLanguage":"de"},{"@type":"Person","@id":"https:\/\/asseln-evangelisch.de\/#\/schema\/person\/e3bc5cb8714cf2814bdea40ce6d8fe52","name":"Anke Knuth","image":{"@type":"ImageObject","inLanguage":"de","@id":"https:\/\/secure.gravatar.com\/avatar\/5bc1d9b66ca3a467a5682b267a11fc9ffc8d7cd42e7344b5d80dceaa1082d103?s=96&d=mm&r=g","url":"https:\/\/secure.gravatar.com\/avatar\/5bc1d9b66ca3a467a5682b267a11fc9ffc8d7cd42e7344b5d80dceaa1082d103?s=96&d=mm&r=g","contentUrl":"https:\/\/secure.gravatar.com\/avatar\/5bc1d9b66ca3a467a5682b267a11fc9ffc8d7cd42e7344b5d80dceaa1082d103?s=96&d=mm&r=g","caption":"Anke Knuth"},"url":"https:\/\/asseln-evangelisch.de\/index.php\/author\/aknuth\/"}]}},"_links":{"self":[{"href":"https:\/\/asseln-evangelisch.de\/index.php\/wp-json\/wp\/v2\/posts\/4445","targetHints":{"allow":["GET"]}}],"collection":[{"href":"https:\/\/asseln-evangelisch.de\/index.php\/wp-json\/wp\/v2\/posts"}],"about":[{"href":"https:\/\/asseln-evangelisch.de\/index.php\/wp-json\/wp\/v2\/types\/post"}],"author":[{"embeddable":true,"href":"https:\/\/asseln-evangelisch.de\/index.php\/wp-json\/wp\/v2\/users\/6"}],"replies":[{"embeddable":true,"href":"https:\/\/asseln-evangelisch.de\/index.php\/wp-json\/wp\/v2\/comments?post=4445"}],"version-history":[{"count":7,"href":"https:\/\/asseln-evangelisch.de\/index.php\/wp-json\/wp\/v2\/posts\/4445\/revisions"}],"predecessor-version":[{"id":4467,"href":"https:\/\/asseln-evangelisch.de\/index.php\/wp-json\/wp\/v2\/posts\/4445\/revisions\/4467"}],"wp:featuredmedia":[{"embeddable":true,"href":"https:\/\/asseln-evangelisch.de\/index.php\/wp-json\/wp\/v2\/media\/4446"}],"wp:attachment":[{"href":"https:\/\/asseln-evangelisch.de\/index.php\/wp-json\/wp\/v2\/media?parent=4445"}],"wp:term":[{"taxonomy":"category","embeddable":true,"href":"https:\/\/asseln-evangelisch.de\/index.php\/wp-json\/wp\/v2\/categories?post=4445"},{"taxonomy":"post_tag","embeddable":true,"href":"https:\/\/asseln-evangelisch.de\/index.php\/wp-json\/wp\/v2\/tags?post=4445"}],"curies":[{"name":"wp","href":"https:\/\/api.w.org\/{rel}","templated":true}]}}