{"id":4592,"date":"2024-06-10T12:18:00","date_gmt":"2024-06-10T10:18:00","guid":{"rendered":"https:\/\/asseln-evangelisch.de\/?p=4592"},"modified":"2024-06-14T10:46:31","modified_gmt":"2024-06-14T08:46:31","slug":"neues-vom-kigo-team","status":"publish","type":"post","link":"https:\/\/asseln-evangelisch.de\/index.php\/2024\/06\/10\/neues-vom-kigo-team\/","title":{"rendered":"Neues vom Kigo Team"},"content":{"rendered":"<p>Wir (vom Kigo Team) machten uns am Sonntag auf den Weg nach Unna, um am 35. Westf\u00e4lischen Aktionstag Kirche mit Kindern teilzunehmen. Der Er\u00f6ffnungsgottesdienst wurde mit viel Musik (und einem mitrei\u00dfenden Kinderchor) und einer sehr lebendigen Predigt \u00fcber Mt 18,2 \u201eLasset die Kinder zu mir kommen\u201c von Christina Brudereck gefeiert. Im Anschluss nahmen wir die M\u00f6glichkeit wahr, an verschiedenen Workshops teilzunehmen, mit anderen Teilnehmenden ins Gespr\u00e4ch zu kommen und uns auf dem Markt der M\u00f6glichkeiten \u00fcber neue Materialien zu informieren. Ein leckerer Mittagsimbiss st\u00e4rkte uns f\u00fcr den zweiten Teil der Workshops. Mit einer Abendmahlsfeier und dem Reisesegen endete ein inspirierender und spannender Tag f\u00fcr uns. Besonders sch\u00f6n war es, dass wir ihn als Team zusammen erlebt haben!<\/p>\n<p><img decoding=\"async\" class=\"alignnone size-medium wp-image-4594\" src=\"https:\/\/asseln-evangelisch.de\/wp-content\/uploads\/2024\/06\/Plakat-208x300.png\" alt=\"\" width=\"208\" height=\"300\" srcset=\"https:\/\/asseln-evangelisch.de\/wp-content\/uploads\/2024\/06\/Plakat-200x288.png 200w, https:\/\/asseln-evangelisch.de\/wp-content\/uploads\/2024\/06\/Plakat-208x300.png 208w, https:\/\/asseln-evangelisch.de\/wp-content\/uploads\/2024\/06\/Plakat-400x577.png 400w, https:\/\/asseln-evangelisch.de\/wp-content\/uploads\/2024\/06\/Plakat.png 493w\" sizes=\"(max-width: 208px) 100vw, 208px\" \/><\/p>\n","protected":false},"excerpt":{"rendered":"<p>Wir (vom Kigo Team) machten uns am Sonntag auf den  [&#8230;]<\/p>\n","protected":false},"author":6,"featured_media":4593,"comment_status":"open","ping_status":"closed","sticky":false,"template":"","format":"standard","meta":{"footnotes":""},"categories":[1],"tags":[],"class_list":["post-4592","post","type-post","status-publish","format-standard","has-post-thumbnail","hentry","category-uncategorized"],"yoast_head":"<!-- This site is optimized with the Yoast SEO plugin v27.3 - https:\/\/yoast.com\/product\/yoast-seo-wordpress\/ -->\n<title>Neues vom Kigo Team - Gemeinde Asseln<\/title>\n<meta name=\"robots\" content=\"index, follow, max-snippet:-1, max-image-preview:large, max-video-preview:-1\" \/>\n<link rel=\"canonical\" href=\"https:\/\/asseln-evangelisch.de\/index.php\/2024\/06\/10\/neues-vom-kigo-team\/\" \/>\n<meta property=\"og:locale\" content=\"de_DE\" \/>\n<meta property=\"og:type\" content=\"article\" \/>\n<meta property=\"og:title\" content=\"Neues vom Kigo Team - Gemeinde Asseln\" \/>\n<meta property=\"og:description\" content=\"Wir (vom Kigo Team) machten uns am Sonntag auf den [...]\" \/>\n<meta property=\"og:url\" content=\"https:\/\/asseln-evangelisch.de\/index.php\/2024\/06\/10\/neues-vom-kigo-team\/\" \/>\n<meta property=\"og:site_name\" content=\"Gemeinde Asseln\" \/>\n<meta property=\"article:published_time\" content=\"2024-06-10T10:18:00+00:00\" \/>\n<meta property=\"article:modified_time\" content=\"2024-06-14T08:46:31+00:00\" \/>\n<meta property=\"og:image\" content=\"https:\/\/asseln-evangelisch.de\/wp-content\/uploads\/2024\/06\/Juni24-e1718020858790.jpg\" \/>\n\t<meta property=\"og:image:width\" content=\"655\" \/>\n\t<meta property=\"og:image:height\" content=\"593\" \/>\n\t<meta property=\"og:image:type\" content=\"image\/jpeg\" \/>\n<meta name=\"author\" content=\"Anke Knuth\" \/>\n<meta name=\"twitter:card\" content=\"summary_large_image\" \/>\n<meta name=\"twitter:label1\" content=\"Verfasst von\" \/>\n\t<meta name=\"twitter:data1\" content=\"Anke Knuth\" \/>\n\t<meta name=\"twitter:label2\" content=\"Gesch\u00e4tzte Lesezeit\" \/>\n\t<meta name=\"twitter:data2\" content=\"2\u00a0Minuten\" \/>\n<script type=\"application\/ld+json\" class=\"yoast-schema-graph\">{\"@context\":\"https:\\\/\\\/schema.org\",\"@graph\":[{\"@type\":\"Article\",\"@id\":\"https:\\\/\\\/asseln-evangelisch.de\\\/index.php\\\/2024\\\/06\\\/10\\\/neues-vom-kigo-team\\\/#article\",\"isPartOf\":{\"@id\":\"https:\\\/\\\/asseln-evangelisch.de\\\/index.php\\\/2024\\\/06\\\/10\\\/neues-vom-kigo-team\\\/\"},\"author\":{\"name\":\"Anke Knuth\",\"@id\":\"https:\\\/\\\/asseln-evangelisch.de\\\/#\\\/schema\\\/person\\\/e3bc5cb8714cf2814bdea40ce6d8fe52\"},\"headline\":\"Neues vom Kigo Team\",\"datePublished\":\"2024-06-10T10:18:00+00:00\",\"dateModified\":\"2024-06-14T08:46:31+00:00\",\"mainEntityOfPage\":{\"@id\":\"https:\\\/\\\/asseln-evangelisch.de\\\/index.php\\\/2024\\\/06\\\/10\\\/neues-vom-kigo-team\\\/\"},\"wordCount\":129,\"commentCount\":0,\"image\":{\"@id\":\"https:\\\/\\\/asseln-evangelisch.de\\\/index.php\\\/2024\\\/06\\\/10\\\/neues-vom-kigo-team\\\/#primaryimage\"},\"thumbnailUrl\":\"https:\\\/\\\/asseln-evangelisch.de\\\/wp-content\\\/uploads\\\/2024\\\/06\\\/Juni24-e1718020858790.jpg\",\"articleSection\":[\"Uncategorized\"],\"inLanguage\":\"de\",\"potentialAction\":[{\"@type\":\"CommentAction\",\"name\":\"Comment\",\"target\":[\"https:\\\/\\\/asseln-evangelisch.de\\\/index.php\\\/2024\\\/06\\\/10\\\/neues-vom-kigo-team\\\/#respond\"]}]},{\"@type\":\"WebPage\",\"@id\":\"https:\\\/\\\/asseln-evangelisch.de\\\/index.php\\\/2024\\\/06\\\/10\\\/neues-vom-kigo-team\\\/\",\"url\":\"https:\\\/\\\/asseln-evangelisch.de\\\/index.php\\\/2024\\\/06\\\/10\\\/neues-vom-kigo-team\\\/\",\"name\":\"Neues vom Kigo Team - Gemeinde Asseln\",\"isPartOf\":{\"@id\":\"https:\\\/\\\/asseln-evangelisch.de\\\/#website\"},\"primaryImageOfPage\":{\"@id\":\"https:\\\/\\\/asseln-evangelisch.de\\\/index.php\\\/2024\\\/06\\\/10\\\/neues-vom-kigo-team\\\/#primaryimage\"},\"image\":{\"@id\":\"https:\\\/\\\/asseln-evangelisch.de\\\/index.php\\\/2024\\\/06\\\/10\\\/neues-vom-kigo-team\\\/#primaryimage\"},\"thumbnailUrl\":\"https:\\\/\\\/asseln-evangelisch.de\\\/wp-content\\\/uploads\\\/2024\\\/06\\\/Juni24-e1718020858790.jpg\",\"datePublished\":\"2024-06-10T10:18:00+00:00\",\"dateModified\":\"2024-06-14T08:46:31+00:00\",\"author\":{\"@id\":\"https:\\\/\\\/asseln-evangelisch.de\\\/#\\\/schema\\\/person\\\/e3bc5cb8714cf2814bdea40ce6d8fe52\"},\"breadcrumb\":{\"@id\":\"https:\\\/\\\/asseln-evangelisch.de\\\/index.php\\\/2024\\\/06\\\/10\\\/neues-vom-kigo-team\\\/#breadcrumb\"},\"inLanguage\":\"de\",\"potentialAction\":[{\"@type\":\"ReadAction\",\"target\":[\"https:\\\/\\\/asseln-evangelisch.de\\\/index.php\\\/2024\\\/06\\\/10\\\/neues-vom-kigo-team\\\/\"]}]},{\"@type\":\"ImageObject\",\"inLanguage\":\"de\",\"@id\":\"https:\\\/\\\/asseln-evangelisch.de\\\/index.php\\\/2024\\\/06\\\/10\\\/neues-vom-kigo-team\\\/#primaryimage\",\"url\":\"https:\\\/\\\/asseln-evangelisch.de\\\/wp-content\\\/uploads\\\/2024\\\/06\\\/Juni24-e1718020858790.jpg\",\"contentUrl\":\"https:\\\/\\\/asseln-evangelisch.de\\\/wp-content\\\/uploads\\\/2024\\\/06\\\/Juni24-e1718020858790.jpg\",\"width\":655,\"height\":593},{\"@type\":\"BreadcrumbList\",\"@id\":\"https:\\\/\\\/asseln-evangelisch.de\\\/index.php\\\/2024\\\/06\\\/10\\\/neues-vom-kigo-team\\\/#breadcrumb\",\"itemListElement\":[{\"@type\":\"ListItem\",\"position\":1,\"name\":\"Startseite\",\"item\":\"https:\\\/\\\/asseln-evangelisch.de\\\/\"},{\"@type\":\"ListItem\",\"position\":2,\"name\":\"Neues vom Kigo Team\"}]},{\"@type\":\"WebSite\",\"@id\":\"https:\\\/\\\/asseln-evangelisch.de\\\/#website\",\"url\":\"https:\\\/\\\/asseln-evangelisch.de\\\/\",\"name\":\"Gemeinde Asseln\",\"description\":\"Ev.-Luth. Kirchengemeinde Asseln\",\"potentialAction\":[{\"@type\":\"SearchAction\",\"target\":{\"@type\":\"EntryPoint\",\"urlTemplate\":\"https:\\\/\\\/asseln-evangelisch.de\\\/?s={search_term_string}\"},\"query-input\":{\"@type\":\"PropertyValueSpecification\",\"valueRequired\":true,\"valueName\":\"search_term_string\"}}],\"inLanguage\":\"de\"},{\"@type\":\"Person\",\"@id\":\"https:\\\/\\\/asseln-evangelisch.de\\\/#\\\/schema\\\/person\\\/e3bc5cb8714cf2814bdea40ce6d8fe52\",\"name\":\"Anke Knuth\",\"image\":{\"@type\":\"ImageObject\",\"inLanguage\":\"de\",\"@id\":\"https:\\\/\\\/secure.gravatar.com\\\/avatar\\\/5bc1d9b66ca3a467a5682b267a11fc9ffc8d7cd42e7344b5d80dceaa1082d103?s=96&d=mm&r=g\",\"url\":\"https:\\\/\\\/secure.gravatar.com\\\/avatar\\\/5bc1d9b66ca3a467a5682b267a11fc9ffc8d7cd42e7344b5d80dceaa1082d103?s=96&d=mm&r=g\",\"contentUrl\":\"https:\\\/\\\/secure.gravatar.com\\\/avatar\\\/5bc1d9b66ca3a467a5682b267a11fc9ffc8d7cd42e7344b5d80dceaa1082d103?s=96&d=mm&r=g\",\"caption\":\"Anke Knuth\"},\"url\":\"https:\\\/\\\/asseln-evangelisch.de\\\/index.php\\\/author\\\/aknuth\\\/\"}]}<\/script>\n<!-- \/ Yoast SEO plugin. -->","yoast_head_json":{"title":"Neues vom Kigo Team - Gemeinde Asseln","robots":{"index":"index","follow":"follow","max-snippet":"max-snippet:-1","max-image-preview":"max-image-preview:large","max-video-preview":"max-video-preview:-1"},"canonical":"https:\/\/asseln-evangelisch.de\/index.php\/2024\/06\/10\/neues-vom-kigo-team\/","og_locale":"de_DE","og_type":"article","og_title":"Neues vom Kigo Team - Gemeinde Asseln","og_description":"Wir (vom Kigo Team) machten uns am Sonntag auf den [...]","og_url":"https:\/\/asseln-evangelisch.de\/index.php\/2024\/06\/10\/neues-vom-kigo-team\/","og_site_name":"Gemeinde Asseln","article_published_time":"2024-06-10T10:18:00+00:00","article_modified_time":"2024-06-14T08:46:31+00:00","og_image":[{"width":655,"height":593,"url":"https:\/\/asseln-evangelisch.de\/wp-content\/uploads\/2024\/06\/Juni24-e1718020858790.jpg","type":"image\/jpeg"}],"author":"Anke Knuth","twitter_card":"summary_large_image","twitter_misc":{"Verfasst von":"Anke Knuth","Gesch\u00e4tzte Lesezeit":"2\u00a0Minuten"},"schema":{"@context":"https:\/\/schema.org","@graph":[{"@type":"Article","@id":"https:\/\/asseln-evangelisch.de\/index.php\/2024\/06\/10\/neues-vom-kigo-team\/#article","isPartOf":{"@id":"https:\/\/asseln-evangelisch.de\/index.php\/2024\/06\/10\/neues-vom-kigo-team\/"},"author":{"name":"Anke Knuth","@id":"https:\/\/asseln-evangelisch.de\/#\/schema\/person\/e3bc5cb8714cf2814bdea40ce6d8fe52"},"headline":"Neues vom Kigo Team","datePublished":"2024-06-10T10:18:00+00:00","dateModified":"2024-06-14T08:46:31+00:00","mainEntityOfPage":{"@id":"https:\/\/asseln-evangelisch.de\/index.php\/2024\/06\/10\/neues-vom-kigo-team\/"},"wordCount":129,"commentCount":0,"image":{"@id":"https:\/\/asseln-evangelisch.de\/index.php\/2024\/06\/10\/neues-vom-kigo-team\/#primaryimage"},"thumbnailUrl":"https:\/\/asseln-evangelisch.de\/wp-content\/uploads\/2024\/06\/Juni24-e1718020858790.jpg","articleSection":["Uncategorized"],"inLanguage":"de","potentialAction":[{"@type":"CommentAction","name":"Comment","target":["https:\/\/asseln-evangelisch.de\/index.php\/2024\/06\/10\/neues-vom-kigo-team\/#respond"]}]},{"@type":"WebPage","@id":"https:\/\/asseln-evangelisch.de\/index.php\/2024\/06\/10\/neues-vom-kigo-team\/","url":"https:\/\/asseln-evangelisch.de\/index.php\/2024\/06\/10\/neues-vom-kigo-team\/","name":"Neues vom Kigo Team - Gemeinde Asseln","isPartOf":{"@id":"https:\/\/asseln-evangelisch.de\/#website"},"primaryImageOfPage":{"@id":"https:\/\/asseln-evangelisch.de\/index.php\/2024\/06\/10\/neues-vom-kigo-team\/#primaryimage"},"image":{"@id":"https:\/\/asseln-evangelisch.de\/index.php\/2024\/06\/10\/neues-vom-kigo-team\/#primaryimage"},"thumbnailUrl":"https:\/\/asseln-evangelisch.de\/wp-content\/uploads\/2024\/06\/Juni24-e1718020858790.jpg","datePublished":"2024-06-10T10:18:00+00:00","dateModified":"2024-06-14T08:46:31+00:00","author":{"@id":"https:\/\/asseln-evangelisch.de\/#\/schema\/person\/e3bc5cb8714cf2814bdea40ce6d8fe52"},"breadcrumb":{"@id":"https:\/\/asseln-evangelisch.de\/index.php\/2024\/06\/10\/neues-vom-kigo-team\/#breadcrumb"},"inLanguage":"de","potentialAction":[{"@type":"ReadAction","target":["https:\/\/asseln-evangelisch.de\/index.php\/2024\/06\/10\/neues-vom-kigo-team\/"]}]},{"@type":"ImageObject","inLanguage":"de","@id":"https:\/\/asseln-evangelisch.de\/index.php\/2024\/06\/10\/neues-vom-kigo-team\/#primaryimage","url":"https:\/\/asseln-evangelisch.de\/wp-content\/uploads\/2024\/06\/Juni24-e1718020858790.jpg","contentUrl":"https:\/\/asseln-evangelisch.de\/wp-content\/uploads\/2024\/06\/Juni24-e1718020858790.jpg","width":655,"height":593},{"@type":"BreadcrumbList","@id":"https:\/\/asseln-evangelisch.de\/index.php\/2024\/06\/10\/neues-vom-kigo-team\/#breadcrumb","itemListElement":[{"@type":"ListItem","position":1,"name":"Startseite","item":"https:\/\/asseln-evangelisch.de\/"},{"@type":"ListItem","position":2,"name":"Neues vom Kigo Team"}]},{"@type":"WebSite","@id":"https:\/\/asseln-evangelisch.de\/#website","url":"https:\/\/asseln-evangelisch.de\/","name":"Gemeinde Asseln","description":"Ev.-Luth. Kirchengemeinde Asseln","potentialAction":[{"@type":"SearchAction","target":{"@type":"EntryPoint","urlTemplate":"https:\/\/asseln-evangelisch.de\/?s={search_term_string}"},"query-input":{"@type":"PropertyValueSpecification","valueRequired":true,"valueName":"search_term_string"}}],"inLanguage":"de"},{"@type":"Person","@id":"https:\/\/asseln-evangelisch.de\/#\/schema\/person\/e3bc5cb8714cf2814bdea40ce6d8fe52","name":"Anke Knuth","image":{"@type":"ImageObject","inLanguage":"de","@id":"https:\/\/secure.gravatar.com\/avatar\/5bc1d9b66ca3a467a5682b267a11fc9ffc8d7cd42e7344b5d80dceaa1082d103?s=96&d=mm&r=g","url":"https:\/\/secure.gravatar.com\/avatar\/5bc1d9b66ca3a467a5682b267a11fc9ffc8d7cd42e7344b5d80dceaa1082d103?s=96&d=mm&r=g","contentUrl":"https:\/\/secure.gravatar.com\/avatar\/5bc1d9b66ca3a467a5682b267a11fc9ffc8d7cd42e7344b5d80dceaa1082d103?s=96&d=mm&r=g","caption":"Anke Knuth"},"url":"https:\/\/asseln-evangelisch.de\/index.php\/author\/aknuth\/"}]}},"_links":{"self":[{"href":"https:\/\/asseln-evangelisch.de\/index.php\/wp-json\/wp\/v2\/posts\/4592","targetHints":{"allow":["GET"]}}],"collection":[{"href":"https:\/\/asseln-evangelisch.de\/index.php\/wp-json\/wp\/v2\/posts"}],"about":[{"href":"https:\/\/asseln-evangelisch.de\/index.php\/wp-json\/wp\/v2\/types\/post"}],"author":[{"embeddable":true,"href":"https:\/\/asseln-evangelisch.de\/index.php\/wp-json\/wp\/v2\/users\/6"}],"replies":[{"embeddable":true,"href":"https:\/\/asseln-evangelisch.de\/index.php\/wp-json\/wp\/v2\/comments?post=4592"}],"version-history":[{"count":5,"href":"https:\/\/asseln-evangelisch.de\/index.php\/wp-json\/wp\/v2\/posts\/4592\/revisions"}],"predecessor-version":[{"id":4607,"href":"https:\/\/asseln-evangelisch.de\/index.php\/wp-json\/wp\/v2\/posts\/4592\/revisions\/4607"}],"wp:featuredmedia":[{"embeddable":true,"href":"https:\/\/asseln-evangelisch.de\/index.php\/wp-json\/wp\/v2\/media\/4593"}],"wp:attachment":[{"href":"https:\/\/asseln-evangelisch.de\/index.php\/wp-json\/wp\/v2\/media?parent=4592"}],"wp:term":[{"taxonomy":"category","embeddable":true,"href":"https:\/\/asseln-evangelisch.de\/index.php\/wp-json\/wp\/v2\/categories?post=4592"},{"taxonomy":"post_tag","embeddable":true,"href":"https:\/\/asseln-evangelisch.de\/index.php\/wp-json\/wp\/v2\/tags?post=4592"}],"curies":[{"name":"wp","href":"https:\/\/api.w.org\/{rel}","templated":true}]}}