{"id":4846,"date":"2024-12-17T12:21:00","date_gmt":"2024-12-17T11:21:00","guid":{"rendered":"https:\/\/asseln-evangelisch.de\/?p=4846"},"modified":"2024-12-17T12:21:16","modified_gmt":"2024-12-17T11:21:16","slug":"weihnachtsgruesse-aus-der-arche-2","status":"publish","type":"post","link":"https:\/\/asseln-evangelisch.de\/index.php\/2024\/12\/17\/weihnachtsgruesse-aus-der-arche-2\/","title":{"rendered":"Weihnachtsgr\u00fc\u00dfe aus der Arche"},"content":{"rendered":"<pre>Hallo zusammen,\r\nanbei ein kleiner Weihnachtsgru\u00df an Euch alle. Vielen Dank, f\u00fcr die\r\nZusammenarbeit in den letzten Monaten. Wir w\u00fcnschen allen eine besinnliche und\r\ngesegnete Weihnachtszeit. Kommt gut im neuen Jahr an und sammelt einiges an Kraft\r\nf\u00fcr das n\u00e4chste Jahr.\r\nLiebe Gr\u00fc\u00dfe\r\nIlona Tonzuso\r\n<img decoding=\"async\" class=\"alignnone size-medium wp-image-4847\" src=\"https:\/\/asseln-evangelisch.de\/wp-content\/uploads\/2024\/12\/Homepage-Arche-300x200.jpg\" alt=\"\" width=\"300\" height=\"200\" srcset=\"https:\/\/asseln-evangelisch.de\/wp-content\/uploads\/2024\/12\/Homepage-Arche-200x133.jpg 200w, https:\/\/asseln-evangelisch.de\/wp-content\/uploads\/2024\/12\/Homepage-Arche-300x200.jpg 300w, https:\/\/asseln-evangelisch.de\/wp-content\/uploads\/2024\/12\/Homepage-Arche-400x266.jpg 400w, https:\/\/asseln-evangelisch.de\/wp-content\/uploads\/2024\/12\/Homepage-Arche-600x400.jpg 600w, https:\/\/asseln-evangelisch.de\/wp-content\/uploads\/2024\/12\/Homepage-Arche-768x512.jpg 768w, https:\/\/asseln-evangelisch.de\/wp-content\/uploads\/2024\/12\/Homepage-Arche-800x533.jpg 800w, https:\/\/asseln-evangelisch.de\/wp-content\/uploads\/2024\/12\/Homepage-Arche.jpg 1024w\" sizes=\"(max-width: 300px) 100vw, 300px\" \/><\/pre>\n","protected":false},"excerpt":{"rendered":"<p>Hallo zusammen, anbei ein kleiner Weihnachtsgru\u00df an Euch alle. Vielen  [&#8230;]<\/p>\n","protected":false},"author":6,"featured_media":4847,"comment_status":"open","ping_status":"closed","sticky":false,"template":"","format":"standard","meta":{"footnotes":""},"categories":[1],"tags":[],"class_list":["post-4846","post","type-post","status-publish","format-standard","has-post-thumbnail","hentry","category-uncategorized"],"yoast_head":"<!-- This site is optimized with the Yoast SEO plugin v27.3 - https:\/\/yoast.com\/product\/yoast-seo-wordpress\/ -->\n<title>Weihnachtsgr\u00fc\u00dfe aus der Arche - Gemeinde Asseln<\/title>\n<meta name=\"robots\" content=\"index, follow, max-snippet:-1, max-image-preview:large, max-video-preview:-1\" \/>\n<link rel=\"canonical\" href=\"https:\/\/asseln-evangelisch.de\/index.php\/2024\/12\/17\/weihnachtsgruesse-aus-der-arche-2\/\" \/>\n<meta property=\"og:locale\" content=\"de_DE\" \/>\n<meta property=\"og:type\" content=\"article\" \/>\n<meta property=\"og:title\" content=\"Weihnachtsgr\u00fc\u00dfe aus der Arche - Gemeinde Asseln\" \/>\n<meta property=\"og:description\" content=\"Hallo zusammen, anbei ein kleiner Weihnachtsgru\u00df an Euch alle. Vielen [...]\" \/>\n<meta property=\"og:url\" content=\"https:\/\/asseln-evangelisch.de\/index.php\/2024\/12\/17\/weihnachtsgruesse-aus-der-arche-2\/\" \/>\n<meta property=\"og:site_name\" content=\"Gemeinde Asseln\" \/>\n<meta property=\"article:published_time\" content=\"2024-12-17T11:21:00+00:00\" \/>\n<meta property=\"article:modified_time\" content=\"2024-12-17T11:21:16+00:00\" \/>\n<meta property=\"og:image\" content=\"https:\/\/asseln-evangelisch.de\/wp-content\/uploads\/2024\/12\/Homepage-Arche.jpg\" \/>\n\t<meta property=\"og:image:width\" content=\"1024\" \/>\n\t<meta property=\"og:image:height\" content=\"682\" \/>\n\t<meta property=\"og:image:type\" content=\"image\/jpeg\" \/>\n<meta name=\"author\" content=\"Anke Knuth\" \/>\n<meta name=\"twitter:card\" content=\"summary_large_image\" \/>\n<meta name=\"twitter:label1\" content=\"Verfasst von\" \/>\n\t<meta name=\"twitter:data1\" content=\"Anke Knuth\" \/>\n\t<meta name=\"twitter:label2\" content=\"Gesch\u00e4tzte Lesezeit\" \/>\n\t<meta name=\"twitter:data2\" content=\"1\u00a0Minute\" \/>\n<script type=\"application\/ld+json\" class=\"yoast-schema-graph\">{\"@context\":\"https:\\\/\\\/schema.org\",\"@graph\":[{\"@type\":\"Article\",\"@id\":\"https:\\\/\\\/asseln-evangelisch.de\\\/index.php\\\/2024\\\/12\\\/17\\\/weihnachtsgruesse-aus-der-arche-2\\\/#article\",\"isPartOf\":{\"@id\":\"https:\\\/\\\/asseln-evangelisch.de\\\/index.php\\\/2024\\\/12\\\/17\\\/weihnachtsgruesse-aus-der-arche-2\\\/\"},\"author\":{\"name\":\"Anke Knuth\",\"@id\":\"https:\\\/\\\/asseln-evangelisch.de\\\/#\\\/schema\\\/person\\\/e3bc5cb8714cf2814bdea40ce6d8fe52\"},\"headline\":\"Weihnachtsgr\u00fc\u00dfe aus der Arche\",\"datePublished\":\"2024-12-17T11:21:00+00:00\",\"dateModified\":\"2024-12-17T11:21:16+00:00\",\"mainEntityOfPage\":{\"@id\":\"https:\\\/\\\/asseln-evangelisch.de\\\/index.php\\\/2024\\\/12\\\/17\\\/weihnachtsgruesse-aus-der-arche-2\\\/\"},\"wordCount\":5,\"commentCount\":0,\"image\":{\"@id\":\"https:\\\/\\\/asseln-evangelisch.de\\\/index.php\\\/2024\\\/12\\\/17\\\/weihnachtsgruesse-aus-der-arche-2\\\/#primaryimage\"},\"thumbnailUrl\":\"https:\\\/\\\/asseln-evangelisch.de\\\/wp-content\\\/uploads\\\/2024\\\/12\\\/Homepage-Arche.jpg\",\"articleSection\":[\"Uncategorized\"],\"inLanguage\":\"de\",\"potentialAction\":[{\"@type\":\"CommentAction\",\"name\":\"Comment\",\"target\":[\"https:\\\/\\\/asseln-evangelisch.de\\\/index.php\\\/2024\\\/12\\\/17\\\/weihnachtsgruesse-aus-der-arche-2\\\/#respond\"]}]},{\"@type\":\"WebPage\",\"@id\":\"https:\\\/\\\/asseln-evangelisch.de\\\/index.php\\\/2024\\\/12\\\/17\\\/weihnachtsgruesse-aus-der-arche-2\\\/\",\"url\":\"https:\\\/\\\/asseln-evangelisch.de\\\/index.php\\\/2024\\\/12\\\/17\\\/weihnachtsgruesse-aus-der-arche-2\\\/\",\"name\":\"Weihnachtsgr\u00fc\u00dfe aus der Arche - Gemeinde Asseln\",\"isPartOf\":{\"@id\":\"https:\\\/\\\/asseln-evangelisch.de\\\/#website\"},\"primaryImageOfPage\":{\"@id\":\"https:\\\/\\\/asseln-evangelisch.de\\\/index.php\\\/2024\\\/12\\\/17\\\/weihnachtsgruesse-aus-der-arche-2\\\/#primaryimage\"},\"image\":{\"@id\":\"https:\\\/\\\/asseln-evangelisch.de\\\/index.php\\\/2024\\\/12\\\/17\\\/weihnachtsgruesse-aus-der-arche-2\\\/#primaryimage\"},\"thumbnailUrl\":\"https:\\\/\\\/asseln-evangelisch.de\\\/wp-content\\\/uploads\\\/2024\\\/12\\\/Homepage-Arche.jpg\",\"datePublished\":\"2024-12-17T11:21:00+00:00\",\"dateModified\":\"2024-12-17T11:21:16+00:00\",\"author\":{\"@id\":\"https:\\\/\\\/asseln-evangelisch.de\\\/#\\\/schema\\\/person\\\/e3bc5cb8714cf2814bdea40ce6d8fe52\"},\"breadcrumb\":{\"@id\":\"https:\\\/\\\/asseln-evangelisch.de\\\/index.php\\\/2024\\\/12\\\/17\\\/weihnachtsgruesse-aus-der-arche-2\\\/#breadcrumb\"},\"inLanguage\":\"de\",\"potentialAction\":[{\"@type\":\"ReadAction\",\"target\":[\"https:\\\/\\\/asseln-evangelisch.de\\\/index.php\\\/2024\\\/12\\\/17\\\/weihnachtsgruesse-aus-der-arche-2\\\/\"]}]},{\"@type\":\"ImageObject\",\"inLanguage\":\"de\",\"@id\":\"https:\\\/\\\/asseln-evangelisch.de\\\/index.php\\\/2024\\\/12\\\/17\\\/weihnachtsgruesse-aus-der-arche-2\\\/#primaryimage\",\"url\":\"https:\\\/\\\/asseln-evangelisch.de\\\/wp-content\\\/uploads\\\/2024\\\/12\\\/Homepage-Arche.jpg\",\"contentUrl\":\"https:\\\/\\\/asseln-evangelisch.de\\\/wp-content\\\/uploads\\\/2024\\\/12\\\/Homepage-Arche.jpg\",\"width\":1024,\"height\":682},{\"@type\":\"BreadcrumbList\",\"@id\":\"https:\\\/\\\/asseln-evangelisch.de\\\/index.php\\\/2024\\\/12\\\/17\\\/weihnachtsgruesse-aus-der-arche-2\\\/#breadcrumb\",\"itemListElement\":[{\"@type\":\"ListItem\",\"position\":1,\"name\":\"Startseite\",\"item\":\"https:\\\/\\\/asseln-evangelisch.de\\\/\"},{\"@type\":\"ListItem\",\"position\":2,\"name\":\"Weihnachtsgr\u00fc\u00dfe aus der Arche\"}]},{\"@type\":\"WebSite\",\"@id\":\"https:\\\/\\\/asseln-evangelisch.de\\\/#website\",\"url\":\"https:\\\/\\\/asseln-evangelisch.de\\\/\",\"name\":\"Gemeinde Asseln\",\"description\":\"Ev.-Luth. Kirchengemeinde Asseln\",\"potentialAction\":[{\"@type\":\"SearchAction\",\"target\":{\"@type\":\"EntryPoint\",\"urlTemplate\":\"https:\\\/\\\/asseln-evangelisch.de\\\/?s={search_term_string}\"},\"query-input\":{\"@type\":\"PropertyValueSpecification\",\"valueRequired\":true,\"valueName\":\"search_term_string\"}}],\"inLanguage\":\"de\"},{\"@type\":\"Person\",\"@id\":\"https:\\\/\\\/asseln-evangelisch.de\\\/#\\\/schema\\\/person\\\/e3bc5cb8714cf2814bdea40ce6d8fe52\",\"name\":\"Anke Knuth\",\"image\":{\"@type\":\"ImageObject\",\"inLanguage\":\"de\",\"@id\":\"https:\\\/\\\/secure.gravatar.com\\\/avatar\\\/5bc1d9b66ca3a467a5682b267a11fc9ffc8d7cd42e7344b5d80dceaa1082d103?s=96&d=mm&r=g\",\"url\":\"https:\\\/\\\/secure.gravatar.com\\\/avatar\\\/5bc1d9b66ca3a467a5682b267a11fc9ffc8d7cd42e7344b5d80dceaa1082d103?s=96&d=mm&r=g\",\"contentUrl\":\"https:\\\/\\\/secure.gravatar.com\\\/avatar\\\/5bc1d9b66ca3a467a5682b267a11fc9ffc8d7cd42e7344b5d80dceaa1082d103?s=96&d=mm&r=g\",\"caption\":\"Anke Knuth\"},\"url\":\"https:\\\/\\\/asseln-evangelisch.de\\\/index.php\\\/author\\\/aknuth\\\/\"}]}<\/script>\n<!-- \/ Yoast SEO plugin. -->","yoast_head_json":{"title":"Weihnachtsgr\u00fc\u00dfe aus der Arche - Gemeinde Asseln","robots":{"index":"index","follow":"follow","max-snippet":"max-snippet:-1","max-image-preview":"max-image-preview:large","max-video-preview":"max-video-preview:-1"},"canonical":"https:\/\/asseln-evangelisch.de\/index.php\/2024\/12\/17\/weihnachtsgruesse-aus-der-arche-2\/","og_locale":"de_DE","og_type":"article","og_title":"Weihnachtsgr\u00fc\u00dfe aus der Arche - Gemeinde Asseln","og_description":"Hallo zusammen, anbei ein kleiner Weihnachtsgru\u00df an Euch alle. Vielen [...]","og_url":"https:\/\/asseln-evangelisch.de\/index.php\/2024\/12\/17\/weihnachtsgruesse-aus-der-arche-2\/","og_site_name":"Gemeinde Asseln","article_published_time":"2024-12-17T11:21:00+00:00","article_modified_time":"2024-12-17T11:21:16+00:00","og_image":[{"width":1024,"height":682,"url":"https:\/\/asseln-evangelisch.de\/wp-content\/uploads\/2024\/12\/Homepage-Arche.jpg","type":"image\/jpeg"}],"author":"Anke Knuth","twitter_card":"summary_large_image","twitter_misc":{"Verfasst von":"Anke Knuth","Gesch\u00e4tzte Lesezeit":"1\u00a0Minute"},"schema":{"@context":"https:\/\/schema.org","@graph":[{"@type":"Article","@id":"https:\/\/asseln-evangelisch.de\/index.php\/2024\/12\/17\/weihnachtsgruesse-aus-der-arche-2\/#article","isPartOf":{"@id":"https:\/\/asseln-evangelisch.de\/index.php\/2024\/12\/17\/weihnachtsgruesse-aus-der-arche-2\/"},"author":{"name":"Anke Knuth","@id":"https:\/\/asseln-evangelisch.de\/#\/schema\/person\/e3bc5cb8714cf2814bdea40ce6d8fe52"},"headline":"Weihnachtsgr\u00fc\u00dfe aus der Arche","datePublished":"2024-12-17T11:21:00+00:00","dateModified":"2024-12-17T11:21:16+00:00","mainEntityOfPage":{"@id":"https:\/\/asseln-evangelisch.de\/index.php\/2024\/12\/17\/weihnachtsgruesse-aus-der-arche-2\/"},"wordCount":5,"commentCount":0,"image":{"@id":"https:\/\/asseln-evangelisch.de\/index.php\/2024\/12\/17\/weihnachtsgruesse-aus-der-arche-2\/#primaryimage"},"thumbnailUrl":"https:\/\/asseln-evangelisch.de\/wp-content\/uploads\/2024\/12\/Homepage-Arche.jpg","articleSection":["Uncategorized"],"inLanguage":"de","potentialAction":[{"@type":"CommentAction","name":"Comment","target":["https:\/\/asseln-evangelisch.de\/index.php\/2024\/12\/17\/weihnachtsgruesse-aus-der-arche-2\/#respond"]}]},{"@type":"WebPage","@id":"https:\/\/asseln-evangelisch.de\/index.php\/2024\/12\/17\/weihnachtsgruesse-aus-der-arche-2\/","url":"https:\/\/asseln-evangelisch.de\/index.php\/2024\/12\/17\/weihnachtsgruesse-aus-der-arche-2\/","name":"Weihnachtsgr\u00fc\u00dfe aus der Arche - Gemeinde Asseln","isPartOf":{"@id":"https:\/\/asseln-evangelisch.de\/#website"},"primaryImageOfPage":{"@id":"https:\/\/asseln-evangelisch.de\/index.php\/2024\/12\/17\/weihnachtsgruesse-aus-der-arche-2\/#primaryimage"},"image":{"@id":"https:\/\/asseln-evangelisch.de\/index.php\/2024\/12\/17\/weihnachtsgruesse-aus-der-arche-2\/#primaryimage"},"thumbnailUrl":"https:\/\/asseln-evangelisch.de\/wp-content\/uploads\/2024\/12\/Homepage-Arche.jpg","datePublished":"2024-12-17T11:21:00+00:00","dateModified":"2024-12-17T11:21:16+00:00","author":{"@id":"https:\/\/asseln-evangelisch.de\/#\/schema\/person\/e3bc5cb8714cf2814bdea40ce6d8fe52"},"breadcrumb":{"@id":"https:\/\/asseln-evangelisch.de\/index.php\/2024\/12\/17\/weihnachtsgruesse-aus-der-arche-2\/#breadcrumb"},"inLanguage":"de","potentialAction":[{"@type":"ReadAction","target":["https:\/\/asseln-evangelisch.de\/index.php\/2024\/12\/17\/weihnachtsgruesse-aus-der-arche-2\/"]}]},{"@type":"ImageObject","inLanguage":"de","@id":"https:\/\/asseln-evangelisch.de\/index.php\/2024\/12\/17\/weihnachtsgruesse-aus-der-arche-2\/#primaryimage","url":"https:\/\/asseln-evangelisch.de\/wp-content\/uploads\/2024\/12\/Homepage-Arche.jpg","contentUrl":"https:\/\/asseln-evangelisch.de\/wp-content\/uploads\/2024\/12\/Homepage-Arche.jpg","width":1024,"height":682},{"@type":"BreadcrumbList","@id":"https:\/\/asseln-evangelisch.de\/index.php\/2024\/12\/17\/weihnachtsgruesse-aus-der-arche-2\/#breadcrumb","itemListElement":[{"@type":"ListItem","position":1,"name":"Startseite","item":"https:\/\/asseln-evangelisch.de\/"},{"@type":"ListItem","position":2,"name":"Weihnachtsgr\u00fc\u00dfe aus der Arche"}]},{"@type":"WebSite","@id":"https:\/\/asseln-evangelisch.de\/#website","url":"https:\/\/asseln-evangelisch.de\/","name":"Gemeinde Asseln","description":"Ev.-Luth. Kirchengemeinde Asseln","potentialAction":[{"@type":"SearchAction","target":{"@type":"EntryPoint","urlTemplate":"https:\/\/asseln-evangelisch.de\/?s={search_term_string}"},"query-input":{"@type":"PropertyValueSpecification","valueRequired":true,"valueName":"search_term_string"}}],"inLanguage":"de"},{"@type":"Person","@id":"https:\/\/asseln-evangelisch.de\/#\/schema\/person\/e3bc5cb8714cf2814bdea40ce6d8fe52","name":"Anke Knuth","image":{"@type":"ImageObject","inLanguage":"de","@id":"https:\/\/secure.gravatar.com\/avatar\/5bc1d9b66ca3a467a5682b267a11fc9ffc8d7cd42e7344b5d80dceaa1082d103?s=96&d=mm&r=g","url":"https:\/\/secure.gravatar.com\/avatar\/5bc1d9b66ca3a467a5682b267a11fc9ffc8d7cd42e7344b5d80dceaa1082d103?s=96&d=mm&r=g","contentUrl":"https:\/\/secure.gravatar.com\/avatar\/5bc1d9b66ca3a467a5682b267a11fc9ffc8d7cd42e7344b5d80dceaa1082d103?s=96&d=mm&r=g","caption":"Anke Knuth"},"url":"https:\/\/asseln-evangelisch.de\/index.php\/author\/aknuth\/"}]}},"_links":{"self":[{"href":"https:\/\/asseln-evangelisch.de\/index.php\/wp-json\/wp\/v2\/posts\/4846","targetHints":{"allow":["GET"]}}],"collection":[{"href":"https:\/\/asseln-evangelisch.de\/index.php\/wp-json\/wp\/v2\/posts"}],"about":[{"href":"https:\/\/asseln-evangelisch.de\/index.php\/wp-json\/wp\/v2\/types\/post"}],"author":[{"embeddable":true,"href":"https:\/\/asseln-evangelisch.de\/index.php\/wp-json\/wp\/v2\/users\/6"}],"replies":[{"embeddable":true,"href":"https:\/\/asseln-evangelisch.de\/index.php\/wp-json\/wp\/v2\/comments?post=4846"}],"version-history":[{"count":1,"href":"https:\/\/asseln-evangelisch.de\/index.php\/wp-json\/wp\/v2\/posts\/4846\/revisions"}],"predecessor-version":[{"id":4848,"href":"https:\/\/asseln-evangelisch.de\/index.php\/wp-json\/wp\/v2\/posts\/4846\/revisions\/4848"}],"wp:featuredmedia":[{"embeddable":true,"href":"https:\/\/asseln-evangelisch.de\/index.php\/wp-json\/wp\/v2\/media\/4847"}],"wp:attachment":[{"href":"https:\/\/asseln-evangelisch.de\/index.php\/wp-json\/wp\/v2\/media?parent=4846"}],"wp:term":[{"taxonomy":"category","embeddable":true,"href":"https:\/\/asseln-evangelisch.de\/index.php\/wp-json\/wp\/v2\/categories?post=4846"},{"taxonomy":"post_tag","embeddable":true,"href":"https:\/\/asseln-evangelisch.de\/index.php\/wp-json\/wp\/v2\/tags?post=4846"}],"curies":[{"name":"wp","href":"https:\/\/api.w.org\/{rel}","templated":true}]}}