{"id":5251,"date":"2025-08-13T08:40:21","date_gmt":"2025-08-13T06:40:21","guid":{"rendered":"https:\/\/asseln-evangelisch.de\/?p=5251"},"modified":"2025-08-14T09:01:43","modified_gmt":"2025-08-14T07:01:43","slug":"kigo-aktion-im-september","status":"publish","type":"post","link":"https:\/\/asseln-evangelisch.de\/index.php\/2025\/08\/13\/kigo-aktion-im-september\/","title":{"rendered":"Kigo-\u00dcbernachtungs-Aktion am 13. September"},"content":{"rendered":"<p>Am 13. September pilgern wir wieder gemeinsam mit Kinder und Eltern.\u00a0 Ziel ist das Rote Haus (Mowwe) in Dortmund-Lanstrop, wo wir ab 17.30 Uhr verk\u00f6stigt werden und das Gel\u00e4nde erkunden k\u00f6nnen. Anschlie\u00dfend fahren wir zur\u00fcck nach Asseln und richten uns gem\u00fctliche Nachtlager in der Luther-Kirche ein. Traditionell beenden wir das Wochenende am Sonntagmorgen mit einem gem\u00fctlichen Fr\u00fchst\u00fcck in der Kapelle.<\/p>\n<p><strong><a href=\"https:\/\/asseln-evangelisch.de\/wp-content\/uploads\/2025\/08\/Anmeldung-Septemberaktion.pdf\">Anmeldung<\/a><\/strong><\/p>\n<p><a href=\"https:\/\/asseln-evangelisch.de\/index.php\/2025\/08\/13\/kigo-aktion-im-september\/img-20250610-wa0005\/\" rel=\"attachment wp-att-5252\"><img decoding=\"async\" class=\"alignnone size-medium wp-image-5252\" src=\"https:\/\/asseln-evangelisch.de\/wp-content\/uploads\/2025\/08\/IMG-20250610-WA0005-225x300.jpg\" alt=\"\" width=\"225\" height=\"300\" \/><\/a><\/p>\n","protected":false},"excerpt":{"rendered":"<p>Am 13. September pilgern wir wieder gemeinsam mit Kinder und  [&#8230;]<\/p>\n","protected":false},"author":6,"featured_media":5252,"comment_status":"open","ping_status":"closed","sticky":false,"template":"","format":"standard","meta":{"footnotes":""},"categories":[1],"tags":[],"class_list":["post-5251","post","type-post","status-publish","format-standard","has-post-thumbnail","hentry","category-uncategorized"],"_links":{"self":[{"href":"https:\/\/asseln-evangelisch.de\/index.php\/wp-json\/wp\/v2\/posts\/5251","targetHints":{"allow":["GET"]}}],"collection":[{"href":"https:\/\/asseln-evangelisch.de\/index.php\/wp-json\/wp\/v2\/posts"}],"about":[{"href":"https:\/\/asseln-evangelisch.de\/index.php\/wp-json\/wp\/v2\/types\/post"}],"author":[{"embeddable":true,"href":"https:\/\/asseln-evangelisch.de\/index.php\/wp-json\/wp\/v2\/users\/6"}],"replies":[{"embeddable":true,"href":"https:\/\/asseln-evangelisch.de\/index.php\/wp-json\/wp\/v2\/comments?post=5251"}],"version-history":[{"count":10,"href":"https:\/\/asseln-evangelisch.de\/index.php\/wp-json\/wp\/v2\/posts\/5251\/revisions"}],"predecessor-version":[{"id":5267,"href":"https:\/\/asseln-evangelisch.de\/index.php\/wp-json\/wp\/v2\/posts\/5251\/revisions\/5267"}],"wp:featuredmedia":[{"embeddable":true,"href":"https:\/\/asseln-evangelisch.de\/index.php\/wp-json\/wp\/v2\/media\/5252"}],"wp:attachment":[{"href":"https:\/\/asseln-evangelisch.de\/index.php\/wp-json\/wp\/v2\/media?parent=5251"}],"wp:term":[{"taxonomy":"category","embeddable":true,"href":"https:\/\/asseln-evangelisch.de\/index.php\/wp-json\/wp\/v2\/categories?post=5251"},{"taxonomy":"post_tag","embeddable":true,"href":"https:\/\/asseln-evangelisch.de\/index.php\/wp-json\/wp\/v2\/tags?post=5251"}],"curies":[{"name":"wp","href":"https:\/\/api.w.org\/{rel}","templated":true}]}}