{"id":5432,"date":"2025-11-03T08:02:14","date_gmt":"2025-11-03T07:02:14","guid":{"rendered":"https:\/\/asseln-evangelisch.de\/?p=5432"},"modified":"2025-11-03T17:39:57","modified_gmt":"2025-11-03T16:39:57","slug":"danksagung-an-martin-luther","status":"publish","type":"post","link":"https:\/\/asseln-evangelisch.de\/index.php\/2025\/11\/03\/danksagung-an-martin-luther\/","title":{"rendered":"Danksagung an Martin Luther"},"content":{"rendered":"<p>&#8222;In der Einsamkeit erf\u00fcllte mich &#8211; es kam ganz pl\u00f6tzlich &#8211; ein unendlich seiendes Gef\u00fchl von Dankbarkeit an das Leben: Alles, was ich bin, bin ich als Geschenk, als Geschenk von einem Du. Ich beschloss, meine Bilder als Dank zu malen, um diese Botschaft sichtbar zu machen: von dem Du, das dir alles schenkt, von Gott.&#8220; (Leo Lebendig)<\/p>\n<h1 class=\"text-2xl font-bold mt-1 text-text-100\">Reformation und Kunst vereint in der Luther-Kirche<\/h1>\n<p class=\"whitespace-normal break-words\">Am Reformationstag verband sich in der Luther-Kirche theologische Tradition mit zeitgen\u00f6ssischer Kunst zu einem besonderen Gottesdienst. Neben der W\u00fcrdigung Martin Luthers und seines reformatorischen Erbes stand ein bemerkenswertes Kunstwerk im Zentrum der Feier.<\/p>\n<p class=\"whitespace-normal break-words\">Pfarrer Karangwa erinnerte in seiner Predigt an die revolution\u00e4re Kraft von Martin Luthers 95 Thesen. Der Reformator habe mit der Betonung zentraler Prinzipien wie Glaube, Schrift, Gnade und dem Priestertum aller Gl\u00e4ubigen nicht nur die Kirche, sondern die gesamte Gesellschaft seiner Zeit grundlegend ver\u00e4ndert. Diese Lehren, so betonte der Pfarrer, bes\u00e4\u00dfen auch im 21. Jahrhundert unverminderte Relevanz.<\/p>\n<p class=\"whitespace-normal break-words\">Ein H\u00f6hepunkt des Gottesdienstes war die Pr\u00e4sentation des Kunstwerks &#8222;Danksagung an Martin Luther&#8220; durch den in Asseln lebenden K\u00fcnstler Leo Lebendig. Das 2001 geschaffene Werk versucht, Luthers anhaltenden Einfluss auf die heutige Gesellschaft visuell erfahrbar zu machen. Im Zentrum des Bildes liegt ein Kreuz auf der Lutherrose, wobei die Quadratur des Kreises dargestellt wird \u2013 der Kreis als Symbol f\u00fcr das Leben selbst.<\/p>\n<p class=\"whitespace-normal break-words\">Die k\u00fcnstlerische Arbeit Leo Lebendigs wurzelt in einer tief pers\u00f6nlichen spirituellen Erfahrung. &#8222;In der Einsamkeit erf\u00fcllte mich \u2013 es kam ganz pl\u00f6tzlich \u2013 ein unendlich seiendes Gef\u00fchl von Dankbarkeit an das Leben: Alles, was ich bin, bin ich als Geschenk, als Geschenk von einem Du&#8220;, beschreibt der K\u00fcnstler seinen Moment der Erkenntnis. Diese Einsicht habe ihn zu dem Entschluss gef\u00fchrt, seine Bilder als Dank zu malen, um eine Botschaft sichtbar zu machen: &#8222;von dem Du, das dir alles schenkt, von Gott.&#8220;<\/p>\n<p class=\"whitespace-normal break-words\">So verband der Reformationsgottesdienst auf eindrucksvolle Weise die historische Bedeutung Martin Luthers mit gegenw\u00e4rtiger k\u00fcnstlerischer Reflexion und machte deutlich, wie aktuell die reformatorischen Impulse auch heute noch wirken.<\/p>\n<p><a href=\"https:\/\/asseln-evangelisch.de\/wp-content\/uploads\/2025\/11\/Foto2.jpg\"><img decoding=\"async\" class=\"alignnone size-medium wp-image-5486\" src=\"https:\/\/asseln-evangelisch.de\/wp-content\/uploads\/2025\/11\/Foto2-300x225.jpg\" alt=\"\" width=\"300\" height=\"225\" srcset=\"https:\/\/asseln-evangelisch.de\/wp-content\/uploads\/2025\/11\/Foto2-200x150.jpg 200w, https:\/\/asseln-evangelisch.de\/wp-content\/uploads\/2025\/11\/Foto2-300x225.jpg 300w, https:\/\/asseln-evangelisch.de\/wp-content\/uploads\/2025\/11\/Foto2.jpg 400w\" sizes=\"(max-width: 300px) 100vw, 300px\" \/><\/a><\/p>\n<p>&nbsp;<\/p>\n","protected":false},"excerpt":{"rendered":"<p>&#8222;In der Einsamkeit erf\u00fcllte mich &#8211; es kam ganz pl\u00f6tzlich  [&#8230;]<\/p>\n","protected":false},"author":6,"featured_media":5485,"comment_status":"open","ping_status":"closed","sticky":false,"template":"","format":"standard","meta":{"footnotes":""},"categories":[1],"tags":[],"class_list":["post-5432","post","type-post","status-publish","format-standard","has-post-thumbnail","hentry","category-uncategorized"],"yoast_head":"<!-- This site is optimized with the Yoast SEO plugin v27.3 - https:\/\/yoast.com\/product\/yoast-seo-wordpress\/ -->\n<title>Danksagung an Martin Luther - Gemeinde Asseln<\/title>\n<meta name=\"robots\" content=\"index, follow, max-snippet:-1, max-image-preview:large, max-video-preview:-1\" \/>\n<link rel=\"canonical\" href=\"https:\/\/asseln-evangelisch.de\/index.php\/2025\/11\/03\/danksagung-an-martin-luther\/\" \/>\n<meta property=\"og:locale\" content=\"de_DE\" \/>\n<meta property=\"og:type\" content=\"article\" \/>\n<meta property=\"og:title\" content=\"Danksagung an Martin Luther - Gemeinde Asseln\" \/>\n<meta property=\"og:description\" content=\"&#8222;In der Einsamkeit erf\u00fcllte mich &#8211; es kam ganz pl\u00f6tzlich [...]\" \/>\n<meta property=\"og:url\" content=\"https:\/\/asseln-evangelisch.de\/index.php\/2025\/11\/03\/danksagung-an-martin-luther\/\" \/>\n<meta property=\"og:site_name\" content=\"Gemeinde Asseln\" \/>\n<meta property=\"article:published_time\" content=\"2025-11-03T07:02:14+00:00\" \/>\n<meta property=\"article:modified_time\" content=\"2025-11-03T16:39:57+00:00\" \/>\n<meta property=\"og:image\" content=\"https:\/\/asseln-evangelisch.de\/wp-content\/uploads\/2025\/11\/IMG-20251101-WA0004-scaled.jpg\" \/>\n\t<meta property=\"og:image:width\" content=\"2560\" \/>\n\t<meta property=\"og:image:height\" content=\"1920\" \/>\n\t<meta property=\"og:image:type\" content=\"image\/jpeg\" \/>\n<meta name=\"author\" content=\"Anke Knuth\" \/>\n<meta name=\"twitter:card\" content=\"summary_large_image\" \/>\n<meta name=\"twitter:label1\" content=\"Verfasst von\" \/>\n\t<meta name=\"twitter:data1\" content=\"Anke Knuth\" \/>\n\t<meta name=\"twitter:label2\" content=\"Gesch\u00e4tzte Lesezeit\" \/>\n\t<meta name=\"twitter:data2\" content=\"2\u00a0Minuten\" \/>\n<script type=\"application\/ld+json\" class=\"yoast-schema-graph\">{\"@context\":\"https:\\\/\\\/schema.org\",\"@graph\":[{\"@type\":\"Article\",\"@id\":\"https:\\\/\\\/asseln-evangelisch.de\\\/index.php\\\/2025\\\/11\\\/03\\\/danksagung-an-martin-luther\\\/#article\",\"isPartOf\":{\"@id\":\"https:\\\/\\\/asseln-evangelisch.de\\\/index.php\\\/2025\\\/11\\\/03\\\/danksagung-an-martin-luther\\\/\"},\"author\":{\"name\":\"Anke Knuth\",\"@id\":\"https:\\\/\\\/asseln-evangelisch.de\\\/#\\\/schema\\\/person\\\/e3bc5cb8714cf2814bdea40ce6d8fe52\"},\"headline\":\"Danksagung an Martin Luther\",\"datePublished\":\"2025-11-03T07:02:14+00:00\",\"dateModified\":\"2025-11-03T16:39:57+00:00\",\"mainEntityOfPage\":{\"@id\":\"https:\\\/\\\/asseln-evangelisch.de\\\/index.php\\\/2025\\\/11\\\/03\\\/danksagung-an-martin-luther\\\/\"},\"wordCount\":348,\"commentCount\":0,\"image\":{\"@id\":\"https:\\\/\\\/asseln-evangelisch.de\\\/index.php\\\/2025\\\/11\\\/03\\\/danksagung-an-martin-luther\\\/#primaryimage\"},\"thumbnailUrl\":\"https:\\\/\\\/asseln-evangelisch.de\\\/wp-content\\\/uploads\\\/2025\\\/11\\\/IMG-20251101-WA0004-scaled.jpg\",\"articleSection\":[\"Uncategorized\"],\"inLanguage\":\"de\",\"potentialAction\":[{\"@type\":\"CommentAction\",\"name\":\"Comment\",\"target\":[\"https:\\\/\\\/asseln-evangelisch.de\\\/index.php\\\/2025\\\/11\\\/03\\\/danksagung-an-martin-luther\\\/#respond\"]}]},{\"@type\":\"WebPage\",\"@id\":\"https:\\\/\\\/asseln-evangelisch.de\\\/index.php\\\/2025\\\/11\\\/03\\\/danksagung-an-martin-luther\\\/\",\"url\":\"https:\\\/\\\/asseln-evangelisch.de\\\/index.php\\\/2025\\\/11\\\/03\\\/danksagung-an-martin-luther\\\/\",\"name\":\"Danksagung an Martin Luther - Gemeinde Asseln\",\"isPartOf\":{\"@id\":\"https:\\\/\\\/asseln-evangelisch.de\\\/#website\"},\"primaryImageOfPage\":{\"@id\":\"https:\\\/\\\/asseln-evangelisch.de\\\/index.php\\\/2025\\\/11\\\/03\\\/danksagung-an-martin-luther\\\/#primaryimage\"},\"image\":{\"@id\":\"https:\\\/\\\/asseln-evangelisch.de\\\/index.php\\\/2025\\\/11\\\/03\\\/danksagung-an-martin-luther\\\/#primaryimage\"},\"thumbnailUrl\":\"https:\\\/\\\/asseln-evangelisch.de\\\/wp-content\\\/uploads\\\/2025\\\/11\\\/IMG-20251101-WA0004-scaled.jpg\",\"datePublished\":\"2025-11-03T07:02:14+00:00\",\"dateModified\":\"2025-11-03T16:39:57+00:00\",\"author\":{\"@id\":\"https:\\\/\\\/asseln-evangelisch.de\\\/#\\\/schema\\\/person\\\/e3bc5cb8714cf2814bdea40ce6d8fe52\"},\"breadcrumb\":{\"@id\":\"https:\\\/\\\/asseln-evangelisch.de\\\/index.php\\\/2025\\\/11\\\/03\\\/danksagung-an-martin-luther\\\/#breadcrumb\"},\"inLanguage\":\"de\",\"potentialAction\":[{\"@type\":\"ReadAction\",\"target\":[\"https:\\\/\\\/asseln-evangelisch.de\\\/index.php\\\/2025\\\/11\\\/03\\\/danksagung-an-martin-luther\\\/\"]}]},{\"@type\":\"ImageObject\",\"inLanguage\":\"de\",\"@id\":\"https:\\\/\\\/asseln-evangelisch.de\\\/index.php\\\/2025\\\/11\\\/03\\\/danksagung-an-martin-luther\\\/#primaryimage\",\"url\":\"https:\\\/\\\/asseln-evangelisch.de\\\/wp-content\\\/uploads\\\/2025\\\/11\\\/IMG-20251101-WA0004-scaled.jpg\",\"contentUrl\":\"https:\\\/\\\/asseln-evangelisch.de\\\/wp-content\\\/uploads\\\/2025\\\/11\\\/IMG-20251101-WA0004-scaled.jpg\",\"width\":2560,\"height\":1920},{\"@type\":\"BreadcrumbList\",\"@id\":\"https:\\\/\\\/asseln-evangelisch.de\\\/index.php\\\/2025\\\/11\\\/03\\\/danksagung-an-martin-luther\\\/#breadcrumb\",\"itemListElement\":[{\"@type\":\"ListItem\",\"position\":1,\"name\":\"Startseite\",\"item\":\"https:\\\/\\\/asseln-evangelisch.de\\\/\"},{\"@type\":\"ListItem\",\"position\":2,\"name\":\"Danksagung an Martin Luther\"}]},{\"@type\":\"WebSite\",\"@id\":\"https:\\\/\\\/asseln-evangelisch.de\\\/#website\",\"url\":\"https:\\\/\\\/asseln-evangelisch.de\\\/\",\"name\":\"Gemeinde Asseln\",\"description\":\"Ev.-Luth. Kirchengemeinde Asseln\",\"potentialAction\":[{\"@type\":\"SearchAction\",\"target\":{\"@type\":\"EntryPoint\",\"urlTemplate\":\"https:\\\/\\\/asseln-evangelisch.de\\\/?s={search_term_string}\"},\"query-input\":{\"@type\":\"PropertyValueSpecification\",\"valueRequired\":true,\"valueName\":\"search_term_string\"}}],\"inLanguage\":\"de\"},{\"@type\":\"Person\",\"@id\":\"https:\\\/\\\/asseln-evangelisch.de\\\/#\\\/schema\\\/person\\\/e3bc5cb8714cf2814bdea40ce6d8fe52\",\"name\":\"Anke Knuth\",\"image\":{\"@type\":\"ImageObject\",\"inLanguage\":\"de\",\"@id\":\"https:\\\/\\\/secure.gravatar.com\\\/avatar\\\/5bc1d9b66ca3a467a5682b267a11fc9ffc8d7cd42e7344b5d80dceaa1082d103?s=96&d=mm&r=g\",\"url\":\"https:\\\/\\\/secure.gravatar.com\\\/avatar\\\/5bc1d9b66ca3a467a5682b267a11fc9ffc8d7cd42e7344b5d80dceaa1082d103?s=96&d=mm&r=g\",\"contentUrl\":\"https:\\\/\\\/secure.gravatar.com\\\/avatar\\\/5bc1d9b66ca3a467a5682b267a11fc9ffc8d7cd42e7344b5d80dceaa1082d103?s=96&d=mm&r=g\",\"caption\":\"Anke Knuth\"},\"url\":\"https:\\\/\\\/asseln-evangelisch.de\\\/index.php\\\/author\\\/aknuth\\\/\"}]}<\/script>\n<!-- \/ Yoast SEO plugin. -->","yoast_head_json":{"title":"Danksagung an Martin Luther - Gemeinde Asseln","robots":{"index":"index","follow":"follow","max-snippet":"max-snippet:-1","max-image-preview":"max-image-preview:large","max-video-preview":"max-video-preview:-1"},"canonical":"https:\/\/asseln-evangelisch.de\/index.php\/2025\/11\/03\/danksagung-an-martin-luther\/","og_locale":"de_DE","og_type":"article","og_title":"Danksagung an Martin Luther - Gemeinde Asseln","og_description":"&#8222;In der Einsamkeit erf\u00fcllte mich &#8211; es kam ganz pl\u00f6tzlich [...]","og_url":"https:\/\/asseln-evangelisch.de\/index.php\/2025\/11\/03\/danksagung-an-martin-luther\/","og_site_name":"Gemeinde Asseln","article_published_time":"2025-11-03T07:02:14+00:00","article_modified_time":"2025-11-03T16:39:57+00:00","og_image":[{"width":2560,"height":1920,"url":"https:\/\/asseln-evangelisch.de\/wp-content\/uploads\/2025\/11\/IMG-20251101-WA0004-scaled.jpg","type":"image\/jpeg"}],"author":"Anke Knuth","twitter_card":"summary_large_image","twitter_misc":{"Verfasst von":"Anke Knuth","Gesch\u00e4tzte Lesezeit":"2\u00a0Minuten"},"schema":{"@context":"https:\/\/schema.org","@graph":[{"@type":"Article","@id":"https:\/\/asseln-evangelisch.de\/index.php\/2025\/11\/03\/danksagung-an-martin-luther\/#article","isPartOf":{"@id":"https:\/\/asseln-evangelisch.de\/index.php\/2025\/11\/03\/danksagung-an-martin-luther\/"},"author":{"name":"Anke Knuth","@id":"https:\/\/asseln-evangelisch.de\/#\/schema\/person\/e3bc5cb8714cf2814bdea40ce6d8fe52"},"headline":"Danksagung an Martin Luther","datePublished":"2025-11-03T07:02:14+00:00","dateModified":"2025-11-03T16:39:57+00:00","mainEntityOfPage":{"@id":"https:\/\/asseln-evangelisch.de\/index.php\/2025\/11\/03\/danksagung-an-martin-luther\/"},"wordCount":348,"commentCount":0,"image":{"@id":"https:\/\/asseln-evangelisch.de\/index.php\/2025\/11\/03\/danksagung-an-martin-luther\/#primaryimage"},"thumbnailUrl":"https:\/\/asseln-evangelisch.de\/wp-content\/uploads\/2025\/11\/IMG-20251101-WA0004-scaled.jpg","articleSection":["Uncategorized"],"inLanguage":"de","potentialAction":[{"@type":"CommentAction","name":"Comment","target":["https:\/\/asseln-evangelisch.de\/index.php\/2025\/11\/03\/danksagung-an-martin-luther\/#respond"]}]},{"@type":"WebPage","@id":"https:\/\/asseln-evangelisch.de\/index.php\/2025\/11\/03\/danksagung-an-martin-luther\/","url":"https:\/\/asseln-evangelisch.de\/index.php\/2025\/11\/03\/danksagung-an-martin-luther\/","name":"Danksagung an Martin Luther - Gemeinde Asseln","isPartOf":{"@id":"https:\/\/asseln-evangelisch.de\/#website"},"primaryImageOfPage":{"@id":"https:\/\/asseln-evangelisch.de\/index.php\/2025\/11\/03\/danksagung-an-martin-luther\/#primaryimage"},"image":{"@id":"https:\/\/asseln-evangelisch.de\/index.php\/2025\/11\/03\/danksagung-an-martin-luther\/#primaryimage"},"thumbnailUrl":"https:\/\/asseln-evangelisch.de\/wp-content\/uploads\/2025\/11\/IMG-20251101-WA0004-scaled.jpg","datePublished":"2025-11-03T07:02:14+00:00","dateModified":"2025-11-03T16:39:57+00:00","author":{"@id":"https:\/\/asseln-evangelisch.de\/#\/schema\/person\/e3bc5cb8714cf2814bdea40ce6d8fe52"},"breadcrumb":{"@id":"https:\/\/asseln-evangelisch.de\/index.php\/2025\/11\/03\/danksagung-an-martin-luther\/#breadcrumb"},"inLanguage":"de","potentialAction":[{"@type":"ReadAction","target":["https:\/\/asseln-evangelisch.de\/index.php\/2025\/11\/03\/danksagung-an-martin-luther\/"]}]},{"@type":"ImageObject","inLanguage":"de","@id":"https:\/\/asseln-evangelisch.de\/index.php\/2025\/11\/03\/danksagung-an-martin-luther\/#primaryimage","url":"https:\/\/asseln-evangelisch.de\/wp-content\/uploads\/2025\/11\/IMG-20251101-WA0004-scaled.jpg","contentUrl":"https:\/\/asseln-evangelisch.de\/wp-content\/uploads\/2025\/11\/IMG-20251101-WA0004-scaled.jpg","width":2560,"height":1920},{"@type":"BreadcrumbList","@id":"https:\/\/asseln-evangelisch.de\/index.php\/2025\/11\/03\/danksagung-an-martin-luther\/#breadcrumb","itemListElement":[{"@type":"ListItem","position":1,"name":"Startseite","item":"https:\/\/asseln-evangelisch.de\/"},{"@type":"ListItem","position":2,"name":"Danksagung an Martin Luther"}]},{"@type":"WebSite","@id":"https:\/\/asseln-evangelisch.de\/#website","url":"https:\/\/asseln-evangelisch.de\/","name":"Gemeinde Asseln","description":"Ev.-Luth. Kirchengemeinde Asseln","potentialAction":[{"@type":"SearchAction","target":{"@type":"EntryPoint","urlTemplate":"https:\/\/asseln-evangelisch.de\/?s={search_term_string}"},"query-input":{"@type":"PropertyValueSpecification","valueRequired":true,"valueName":"search_term_string"}}],"inLanguage":"de"},{"@type":"Person","@id":"https:\/\/asseln-evangelisch.de\/#\/schema\/person\/e3bc5cb8714cf2814bdea40ce6d8fe52","name":"Anke Knuth","image":{"@type":"ImageObject","inLanguage":"de","@id":"https:\/\/secure.gravatar.com\/avatar\/5bc1d9b66ca3a467a5682b267a11fc9ffc8d7cd42e7344b5d80dceaa1082d103?s=96&d=mm&r=g","url":"https:\/\/secure.gravatar.com\/avatar\/5bc1d9b66ca3a467a5682b267a11fc9ffc8d7cd42e7344b5d80dceaa1082d103?s=96&d=mm&r=g","contentUrl":"https:\/\/secure.gravatar.com\/avatar\/5bc1d9b66ca3a467a5682b267a11fc9ffc8d7cd42e7344b5d80dceaa1082d103?s=96&d=mm&r=g","caption":"Anke Knuth"},"url":"https:\/\/asseln-evangelisch.de\/index.php\/author\/aknuth\/"}]}},"_links":{"self":[{"href":"https:\/\/asseln-evangelisch.de\/index.php\/wp-json\/wp\/v2\/posts\/5432","targetHints":{"allow":["GET"]}}],"collection":[{"href":"https:\/\/asseln-evangelisch.de\/index.php\/wp-json\/wp\/v2\/posts"}],"about":[{"href":"https:\/\/asseln-evangelisch.de\/index.php\/wp-json\/wp\/v2\/types\/post"}],"author":[{"embeddable":true,"href":"https:\/\/asseln-evangelisch.de\/index.php\/wp-json\/wp\/v2\/users\/6"}],"replies":[{"embeddable":true,"href":"https:\/\/asseln-evangelisch.de\/index.php\/wp-json\/wp\/v2\/comments?post=5432"}],"version-history":[{"count":5,"href":"https:\/\/asseln-evangelisch.de\/index.php\/wp-json\/wp\/v2\/posts\/5432\/revisions"}],"predecessor-version":[{"id":5488,"href":"https:\/\/asseln-evangelisch.de\/index.php\/wp-json\/wp\/v2\/posts\/5432\/revisions\/5488"}],"wp:featuredmedia":[{"embeddable":true,"href":"https:\/\/asseln-evangelisch.de\/index.php\/wp-json\/wp\/v2\/media\/5485"}],"wp:attachment":[{"href":"https:\/\/asseln-evangelisch.de\/index.php\/wp-json\/wp\/v2\/media?parent=5432"}],"wp:term":[{"taxonomy":"category","embeddable":true,"href":"https:\/\/asseln-evangelisch.de\/index.php\/wp-json\/wp\/v2\/categories?post=5432"},{"taxonomy":"post_tag","embeddable":true,"href":"https:\/\/asseln-evangelisch.de\/index.php\/wp-json\/wp\/v2\/tags?post=5432"}],"curies":[{"name":"wp","href":"https:\/\/api.w.org\/{rel}","templated":true}]}}