{"id":5519,"date":"2025-11-28T21:29:26","date_gmt":"2025-11-28T20:29:26","guid":{"rendered":"https:\/\/asseln-evangelisch.de\/?p=5519"},"modified":"2025-11-13T21:38:43","modified_gmt":"2025-11-13T20:38:43","slug":"helferinnen-gesucht","status":"publish","type":"post","link":"https:\/\/asseln-evangelisch.de\/index.php\/2025\/11\/28\/helferinnen-gesucht\/","title":{"rendered":"HelferInnen gesucht"},"content":{"rendered":"<p><a href=\"https:\/\/asseln-evangelisch.de\/?attachment_id=5523\" rel=\"attachment wp-att-5523\"><img decoding=\"async\" class=\"alignnone size-medium wp-image-5523\" src=\"https:\/\/asseln-evangelisch.de\/wp-content\/uploads\/2025\/11\/Krippe-231x300.jpg\" alt=\"\" width=\"231\" height=\"300\" srcset=\"https:\/\/asseln-evangelisch.de\/wp-content\/uploads\/2025\/11\/Krippe-200x259.jpg 200w, https:\/\/asseln-evangelisch.de\/wp-content\/uploads\/2025\/11\/Krippe-231x300.jpg 231w, https:\/\/asseln-evangelisch.de\/wp-content\/uploads\/2025\/11\/Krippe.jpg 263w\" sizes=\"(max-width: 231px) 100vw, 231px\" \/><\/a><\/p>\n<p><em>Es weihnachtet&#8230;<\/em><\/p>\n<p>Unsere Bourger-Krippe soll auch in diesem Jahr den Altarraum zu einem besonderen Erlebnis machen!<\/p>\n<p>Wir suchen HelferInnen:<\/p>\n<p>&#8211; zum Baum Anspitzen am <strong>20.12.25<\/strong> |<strong> 10.00 Uhr<br \/>\n<\/strong><\/p>\n<p>&#8211; zum Krippenaufbau am <strong>21.12.25<\/strong> <strong>| 12.00 Uhr<\/strong><strong>\u00a0<\/strong><\/p>\n<p><strong>Bitte bringt \u2013 falls vorhanden &#8211; eine elektrische S\u00e4ge, eine Schnitthose, etc. mit!<\/strong><\/p>\n<p>Selbstverst\u00e4ndlich werdet Ihr gut verpflegt mit leckeren Grillw\u00fcrstchen, Getr\u00e4nken usw.<br \/>\nBitte meldet euch direkt bei: <a href=\"mailto:kuesterinasseln@gmail.com.de\">kuesterinasseln@gmail.com.de\u00a0<\/a>oder im Gemeindeb\u00fcro <a href=\"mailto:do-kg-asseln@ekkdo.de\">do-kg-asseln@ekkdo.de<\/a>)<\/p>\n","protected":false},"excerpt":{"rendered":"<p>Es weihnachtet&#8230; Unsere Bourger-Krippe soll auch in diesem Jahr den  [&#8230;]<\/p>\n","protected":false},"author":6,"featured_media":5523,"comment_status":"open","ping_status":"closed","sticky":false,"template":"","format":"standard","meta":{"footnotes":""},"categories":[1],"tags":[],"class_list":["post-5519","post","type-post","status-publish","format-standard","has-post-thumbnail","hentry","category-uncategorized"],"yoast_head":"<!-- This site is optimized with the Yoast SEO plugin v27.3 - https:\/\/yoast.com\/product\/yoast-seo-wordpress\/ -->\n<title>HelferInnen gesucht - Gemeinde Asseln<\/title>\n<meta name=\"robots\" content=\"index, follow, max-snippet:-1, max-image-preview:large, max-video-preview:-1\" \/>\n<link rel=\"canonical\" href=\"https:\/\/asseln-evangelisch.de\/index.php\/2025\/11\/28\/helferinnen-gesucht\/\" \/>\n<meta property=\"og:locale\" content=\"de_DE\" \/>\n<meta property=\"og:type\" content=\"article\" \/>\n<meta property=\"og:title\" content=\"HelferInnen gesucht - Gemeinde Asseln\" \/>\n<meta property=\"og:description\" content=\"Es weihnachtet&#8230; Unsere Bourger-Krippe soll auch in diesem Jahr den [...]\" \/>\n<meta property=\"og:url\" content=\"https:\/\/asseln-evangelisch.de\/index.php\/2025\/11\/28\/helferinnen-gesucht\/\" \/>\n<meta property=\"og:site_name\" content=\"Gemeinde Asseln\" \/>\n<meta property=\"article:published_time\" content=\"2025-11-28T20:29:26+00:00\" \/>\n<meta property=\"og:image\" content=\"https:\/\/asseln-evangelisch.de\/wp-content\/uploads\/2025\/11\/Krippe.jpg\" \/>\n\t<meta property=\"og:image:width\" content=\"263\" \/>\n\t<meta property=\"og:image:height\" content=\"341\" \/>\n\t<meta property=\"og:image:type\" content=\"image\/jpeg\" \/>\n<meta name=\"author\" content=\"Anke Knuth\" \/>\n<meta name=\"twitter:card\" content=\"summary_large_image\" \/>\n<meta name=\"twitter:label1\" content=\"Verfasst von\" \/>\n\t<meta name=\"twitter:data1\" content=\"Anke Knuth\" \/>\n\t<meta name=\"twitter:label2\" content=\"Gesch\u00e4tzte Lesezeit\" \/>\n\t<meta name=\"twitter:data2\" content=\"1\u00a0Minute\" \/>\n<script type=\"application\/ld+json\" class=\"yoast-schema-graph\">{\"@context\":\"https:\\\/\\\/schema.org\",\"@graph\":[{\"@type\":\"Article\",\"@id\":\"https:\\\/\\\/asseln-evangelisch.de\\\/index.php\\\/2025\\\/11\\\/28\\\/helferinnen-gesucht\\\/#article\",\"isPartOf\":{\"@id\":\"https:\\\/\\\/asseln-evangelisch.de\\\/index.php\\\/2025\\\/11\\\/28\\\/helferinnen-gesucht\\\/\"},\"author\":{\"name\":\"Anke Knuth\",\"@id\":\"https:\\\/\\\/asseln-evangelisch.de\\\/#\\\/schema\\\/person\\\/e3bc5cb8714cf2814bdea40ce6d8fe52\"},\"headline\":\"HelferInnen gesucht\",\"datePublished\":\"2025-11-28T20:29:26+00:00\",\"mainEntityOfPage\":{\"@id\":\"https:\\\/\\\/asseln-evangelisch.de\\\/index.php\\\/2025\\\/11\\\/28\\\/helferinnen-gesucht\\\/\"},\"wordCount\":74,\"commentCount\":0,\"image\":{\"@id\":\"https:\\\/\\\/asseln-evangelisch.de\\\/index.php\\\/2025\\\/11\\\/28\\\/helferinnen-gesucht\\\/#primaryimage\"},\"thumbnailUrl\":\"https:\\\/\\\/asseln-evangelisch.de\\\/wp-content\\\/uploads\\\/2025\\\/11\\\/Krippe.jpg\",\"articleSection\":[\"Uncategorized\"],\"inLanguage\":\"de\",\"potentialAction\":[{\"@type\":\"CommentAction\",\"name\":\"Comment\",\"target\":[\"https:\\\/\\\/asseln-evangelisch.de\\\/index.php\\\/2025\\\/11\\\/28\\\/helferinnen-gesucht\\\/#respond\"]}]},{\"@type\":\"WebPage\",\"@id\":\"https:\\\/\\\/asseln-evangelisch.de\\\/index.php\\\/2025\\\/11\\\/28\\\/helferinnen-gesucht\\\/\",\"url\":\"https:\\\/\\\/asseln-evangelisch.de\\\/index.php\\\/2025\\\/11\\\/28\\\/helferinnen-gesucht\\\/\",\"name\":\"HelferInnen gesucht - Gemeinde Asseln\",\"isPartOf\":{\"@id\":\"https:\\\/\\\/asseln-evangelisch.de\\\/#website\"},\"primaryImageOfPage\":{\"@id\":\"https:\\\/\\\/asseln-evangelisch.de\\\/index.php\\\/2025\\\/11\\\/28\\\/helferinnen-gesucht\\\/#primaryimage\"},\"image\":{\"@id\":\"https:\\\/\\\/asseln-evangelisch.de\\\/index.php\\\/2025\\\/11\\\/28\\\/helferinnen-gesucht\\\/#primaryimage\"},\"thumbnailUrl\":\"https:\\\/\\\/asseln-evangelisch.de\\\/wp-content\\\/uploads\\\/2025\\\/11\\\/Krippe.jpg\",\"datePublished\":\"2025-11-28T20:29:26+00:00\",\"author\":{\"@id\":\"https:\\\/\\\/asseln-evangelisch.de\\\/#\\\/schema\\\/person\\\/e3bc5cb8714cf2814bdea40ce6d8fe52\"},\"breadcrumb\":{\"@id\":\"https:\\\/\\\/asseln-evangelisch.de\\\/index.php\\\/2025\\\/11\\\/28\\\/helferinnen-gesucht\\\/#breadcrumb\"},\"inLanguage\":\"de\",\"potentialAction\":[{\"@type\":\"ReadAction\",\"target\":[\"https:\\\/\\\/asseln-evangelisch.de\\\/index.php\\\/2025\\\/11\\\/28\\\/helferinnen-gesucht\\\/\"]}]},{\"@type\":\"ImageObject\",\"inLanguage\":\"de\",\"@id\":\"https:\\\/\\\/asseln-evangelisch.de\\\/index.php\\\/2025\\\/11\\\/28\\\/helferinnen-gesucht\\\/#primaryimage\",\"url\":\"https:\\\/\\\/asseln-evangelisch.de\\\/wp-content\\\/uploads\\\/2025\\\/11\\\/Krippe.jpg\",\"contentUrl\":\"https:\\\/\\\/asseln-evangelisch.de\\\/wp-content\\\/uploads\\\/2025\\\/11\\\/Krippe.jpg\",\"width\":263,\"height\":341},{\"@type\":\"BreadcrumbList\",\"@id\":\"https:\\\/\\\/asseln-evangelisch.de\\\/index.php\\\/2025\\\/11\\\/28\\\/helferinnen-gesucht\\\/#breadcrumb\",\"itemListElement\":[{\"@type\":\"ListItem\",\"position\":1,\"name\":\"Startseite\",\"item\":\"https:\\\/\\\/asseln-evangelisch.de\\\/\"},{\"@type\":\"ListItem\",\"position\":2,\"name\":\"HelferInnen gesucht\"}]},{\"@type\":\"WebSite\",\"@id\":\"https:\\\/\\\/asseln-evangelisch.de\\\/#website\",\"url\":\"https:\\\/\\\/asseln-evangelisch.de\\\/\",\"name\":\"Gemeinde Asseln\",\"description\":\"Ev.-Luth. Kirchengemeinde Asseln\",\"potentialAction\":[{\"@type\":\"SearchAction\",\"target\":{\"@type\":\"EntryPoint\",\"urlTemplate\":\"https:\\\/\\\/asseln-evangelisch.de\\\/?s={search_term_string}\"},\"query-input\":{\"@type\":\"PropertyValueSpecification\",\"valueRequired\":true,\"valueName\":\"search_term_string\"}}],\"inLanguage\":\"de\"},{\"@type\":\"Person\",\"@id\":\"https:\\\/\\\/asseln-evangelisch.de\\\/#\\\/schema\\\/person\\\/e3bc5cb8714cf2814bdea40ce6d8fe52\",\"name\":\"Anke Knuth\",\"image\":{\"@type\":\"ImageObject\",\"inLanguage\":\"de\",\"@id\":\"https:\\\/\\\/secure.gravatar.com\\\/avatar\\\/5bc1d9b66ca3a467a5682b267a11fc9ffc8d7cd42e7344b5d80dceaa1082d103?s=96&d=mm&r=g\",\"url\":\"https:\\\/\\\/secure.gravatar.com\\\/avatar\\\/5bc1d9b66ca3a467a5682b267a11fc9ffc8d7cd42e7344b5d80dceaa1082d103?s=96&d=mm&r=g\",\"contentUrl\":\"https:\\\/\\\/secure.gravatar.com\\\/avatar\\\/5bc1d9b66ca3a467a5682b267a11fc9ffc8d7cd42e7344b5d80dceaa1082d103?s=96&d=mm&r=g\",\"caption\":\"Anke Knuth\"},\"url\":\"https:\\\/\\\/asseln-evangelisch.de\\\/index.php\\\/author\\\/aknuth\\\/\"}]}<\/script>\n<!-- \/ Yoast SEO plugin. -->","yoast_head_json":{"title":"HelferInnen gesucht - Gemeinde Asseln","robots":{"index":"index","follow":"follow","max-snippet":"max-snippet:-1","max-image-preview":"max-image-preview:large","max-video-preview":"max-video-preview:-1"},"canonical":"https:\/\/asseln-evangelisch.de\/index.php\/2025\/11\/28\/helferinnen-gesucht\/","og_locale":"de_DE","og_type":"article","og_title":"HelferInnen gesucht - Gemeinde Asseln","og_description":"Es weihnachtet&#8230; Unsere Bourger-Krippe soll auch in diesem Jahr den [...]","og_url":"https:\/\/asseln-evangelisch.de\/index.php\/2025\/11\/28\/helferinnen-gesucht\/","og_site_name":"Gemeinde Asseln","article_published_time":"2025-11-28T20:29:26+00:00","og_image":[{"width":263,"height":341,"url":"https:\/\/asseln-evangelisch.de\/wp-content\/uploads\/2025\/11\/Krippe.jpg","type":"image\/jpeg"}],"author":"Anke Knuth","twitter_card":"summary_large_image","twitter_misc":{"Verfasst von":"Anke Knuth","Gesch\u00e4tzte Lesezeit":"1\u00a0Minute"},"schema":{"@context":"https:\/\/schema.org","@graph":[{"@type":"Article","@id":"https:\/\/asseln-evangelisch.de\/index.php\/2025\/11\/28\/helferinnen-gesucht\/#article","isPartOf":{"@id":"https:\/\/asseln-evangelisch.de\/index.php\/2025\/11\/28\/helferinnen-gesucht\/"},"author":{"name":"Anke Knuth","@id":"https:\/\/asseln-evangelisch.de\/#\/schema\/person\/e3bc5cb8714cf2814bdea40ce6d8fe52"},"headline":"HelferInnen gesucht","datePublished":"2025-11-28T20:29:26+00:00","mainEntityOfPage":{"@id":"https:\/\/asseln-evangelisch.de\/index.php\/2025\/11\/28\/helferinnen-gesucht\/"},"wordCount":74,"commentCount":0,"image":{"@id":"https:\/\/asseln-evangelisch.de\/index.php\/2025\/11\/28\/helferinnen-gesucht\/#primaryimage"},"thumbnailUrl":"https:\/\/asseln-evangelisch.de\/wp-content\/uploads\/2025\/11\/Krippe.jpg","articleSection":["Uncategorized"],"inLanguage":"de","potentialAction":[{"@type":"CommentAction","name":"Comment","target":["https:\/\/asseln-evangelisch.de\/index.php\/2025\/11\/28\/helferinnen-gesucht\/#respond"]}]},{"@type":"WebPage","@id":"https:\/\/asseln-evangelisch.de\/index.php\/2025\/11\/28\/helferinnen-gesucht\/","url":"https:\/\/asseln-evangelisch.de\/index.php\/2025\/11\/28\/helferinnen-gesucht\/","name":"HelferInnen gesucht - Gemeinde Asseln","isPartOf":{"@id":"https:\/\/asseln-evangelisch.de\/#website"},"primaryImageOfPage":{"@id":"https:\/\/asseln-evangelisch.de\/index.php\/2025\/11\/28\/helferinnen-gesucht\/#primaryimage"},"image":{"@id":"https:\/\/asseln-evangelisch.de\/index.php\/2025\/11\/28\/helferinnen-gesucht\/#primaryimage"},"thumbnailUrl":"https:\/\/asseln-evangelisch.de\/wp-content\/uploads\/2025\/11\/Krippe.jpg","datePublished":"2025-11-28T20:29:26+00:00","author":{"@id":"https:\/\/asseln-evangelisch.de\/#\/schema\/person\/e3bc5cb8714cf2814bdea40ce6d8fe52"},"breadcrumb":{"@id":"https:\/\/asseln-evangelisch.de\/index.php\/2025\/11\/28\/helferinnen-gesucht\/#breadcrumb"},"inLanguage":"de","potentialAction":[{"@type":"ReadAction","target":["https:\/\/asseln-evangelisch.de\/index.php\/2025\/11\/28\/helferinnen-gesucht\/"]}]},{"@type":"ImageObject","inLanguage":"de","@id":"https:\/\/asseln-evangelisch.de\/index.php\/2025\/11\/28\/helferinnen-gesucht\/#primaryimage","url":"https:\/\/asseln-evangelisch.de\/wp-content\/uploads\/2025\/11\/Krippe.jpg","contentUrl":"https:\/\/asseln-evangelisch.de\/wp-content\/uploads\/2025\/11\/Krippe.jpg","width":263,"height":341},{"@type":"BreadcrumbList","@id":"https:\/\/asseln-evangelisch.de\/index.php\/2025\/11\/28\/helferinnen-gesucht\/#breadcrumb","itemListElement":[{"@type":"ListItem","position":1,"name":"Startseite","item":"https:\/\/asseln-evangelisch.de\/"},{"@type":"ListItem","position":2,"name":"HelferInnen gesucht"}]},{"@type":"WebSite","@id":"https:\/\/asseln-evangelisch.de\/#website","url":"https:\/\/asseln-evangelisch.de\/","name":"Gemeinde Asseln","description":"Ev.-Luth. Kirchengemeinde Asseln","potentialAction":[{"@type":"SearchAction","target":{"@type":"EntryPoint","urlTemplate":"https:\/\/asseln-evangelisch.de\/?s={search_term_string}"},"query-input":{"@type":"PropertyValueSpecification","valueRequired":true,"valueName":"search_term_string"}}],"inLanguage":"de"},{"@type":"Person","@id":"https:\/\/asseln-evangelisch.de\/#\/schema\/person\/e3bc5cb8714cf2814bdea40ce6d8fe52","name":"Anke Knuth","image":{"@type":"ImageObject","inLanguage":"de","@id":"https:\/\/secure.gravatar.com\/avatar\/5bc1d9b66ca3a467a5682b267a11fc9ffc8d7cd42e7344b5d80dceaa1082d103?s=96&d=mm&r=g","url":"https:\/\/secure.gravatar.com\/avatar\/5bc1d9b66ca3a467a5682b267a11fc9ffc8d7cd42e7344b5d80dceaa1082d103?s=96&d=mm&r=g","contentUrl":"https:\/\/secure.gravatar.com\/avatar\/5bc1d9b66ca3a467a5682b267a11fc9ffc8d7cd42e7344b5d80dceaa1082d103?s=96&d=mm&r=g","caption":"Anke Knuth"},"url":"https:\/\/asseln-evangelisch.de\/index.php\/author\/aknuth\/"}]}},"_links":{"self":[{"href":"https:\/\/asseln-evangelisch.de\/index.php\/wp-json\/wp\/v2\/posts\/5519","targetHints":{"allow":["GET"]}}],"collection":[{"href":"https:\/\/asseln-evangelisch.de\/index.php\/wp-json\/wp\/v2\/posts"}],"about":[{"href":"https:\/\/asseln-evangelisch.de\/index.php\/wp-json\/wp\/v2\/types\/post"}],"author":[{"embeddable":true,"href":"https:\/\/asseln-evangelisch.de\/index.php\/wp-json\/wp\/v2\/users\/6"}],"replies":[{"embeddable":true,"href":"https:\/\/asseln-evangelisch.de\/index.php\/wp-json\/wp\/v2\/comments?post=5519"}],"version-history":[{"count":3,"href":"https:\/\/asseln-evangelisch.de\/index.php\/wp-json\/wp\/v2\/posts\/5519\/revisions"}],"predecessor-version":[{"id":5525,"href":"https:\/\/asseln-evangelisch.de\/index.php\/wp-json\/wp\/v2\/posts\/5519\/revisions\/5525"}],"wp:featuredmedia":[{"embeddable":true,"href":"https:\/\/asseln-evangelisch.de\/index.php\/wp-json\/wp\/v2\/media\/5523"}],"wp:attachment":[{"href":"https:\/\/asseln-evangelisch.de\/index.php\/wp-json\/wp\/v2\/media?parent=5519"}],"wp:term":[{"taxonomy":"category","embeddable":true,"href":"https:\/\/asseln-evangelisch.de\/index.php\/wp-json\/wp\/v2\/categories?post=5519"},{"taxonomy":"post_tag","embeddable":true,"href":"https:\/\/asseln-evangelisch.de\/index.php\/wp-json\/wp\/v2\/tags?post=5519"}],"curies":[{"name":"wp","href":"https:\/\/api.w.org\/{rel}","templated":true}]}}