{"id":5564,"date":"2025-12-04T08:16:35","date_gmt":"2025-12-04T07:16:35","guid":{"rendered":"https:\/\/asseln-evangelisch.de\/?p=5564"},"modified":"2025-12-03T15:15:52","modified_gmt":"2025-12-03T14:15:52","slug":"asselner-adventsmusik-am-3-advent","status":"publish","type":"post","link":"https:\/\/asseln-evangelisch.de\/index.php\/2025\/12\/04\/asselner-adventsmusik-am-3-advent\/","title":{"rendered":"Asselner Adventsmusik am 3. Advent"},"content":{"rendered":"<p>Herzlich laden wir Sie und Euch zur diesj\u00e4hrigen Asselner Advents-Musik am 3. Advent ein. Wie \u00fcblich beginnt das Konzert um 17 Uhr, wenn es drau\u00dfen schon dunkel und unsere Kirche stimmungsvoll erleuchtet ist.<\/p>\n<p>Besonders freuen wir uns, Misun Kim-Antensteiner\u00a0 als neue Kirchenmusikerin zu begr\u00fc\u00dfen, die am 1. Dezember ihren Dienst in der Gemeinde aufgenommen hat und sich in diesem Konzert vorstellt.<\/p>\n<p>Freuen Sie sich auf den Posaunenchor Asseln unter der Leitung von Arno Hedtfeld, den &#8222;Neuen Chor&#8220; der Lydia-Gemeinde unter der Leitung von Tobias Schneider sowie musikalische Beitr\u00e4ge der Pianistin Yelyzaveta Shapovalova, der Fl\u00f6tistin Anke Letzig und den Asselner Adventsmandolinen.<\/p>\n<p>Der Eintritt ist frei. Wir freuen uns auf Sie!<\/p>\n<p><a href=\"https:\/\/asseln-evangelisch.de\/?attachment_id=5567\" rel=\"attachment wp-att-5567\"><img decoding=\"async\" class=\"alignnone size-medium wp-image-5567\" src=\"https:\/\/asseln-evangelisch.de\/wp-content\/uploads\/2025\/12\/Koenig-David-290x300.jpg\" alt=\"\" width=\"290\" height=\"300\" srcset=\"https:\/\/asseln-evangelisch.de\/wp-content\/uploads\/2025\/12\/Koenig-David-200x207.jpg 200w, https:\/\/asseln-evangelisch.de\/wp-content\/uploads\/2025\/12\/Koenig-David-290x300.jpg 290w, https:\/\/asseln-evangelisch.de\/wp-content\/uploads\/2025\/12\/Koenig-David.jpg 395w\" sizes=\"(max-width: 290px) 100vw, 290px\" \/><\/a><\/p>\n","protected":false},"excerpt":{"rendered":"<p>Herzlich laden wir Sie und Euch zur diesj\u00e4hrigen Asselner Advents-Musik  [&#8230;]<\/p>\n","protected":false},"author":6,"featured_media":5567,"comment_status":"open","ping_status":"closed","sticky":false,"template":"","format":"standard","meta":{"footnotes":""},"categories":[1],"tags":[],"class_list":["post-5564","post","type-post","status-publish","format-standard","has-post-thumbnail","hentry","category-uncategorized"],"yoast_head":"<!-- This site is optimized with the Yoast SEO plugin v27.3 - https:\/\/yoast.com\/product\/yoast-seo-wordpress\/ -->\n<title>Asselner Adventsmusik am 3. Advent - Gemeinde Asseln<\/title>\n<meta name=\"robots\" content=\"index, follow, max-snippet:-1, max-image-preview:large, max-video-preview:-1\" \/>\n<link rel=\"canonical\" href=\"https:\/\/asseln-evangelisch.de\/index.php\/2025\/12\/04\/asselner-adventsmusik-am-3-advent\/\" \/>\n<meta property=\"og:locale\" content=\"de_DE\" \/>\n<meta property=\"og:type\" content=\"article\" \/>\n<meta property=\"og:title\" content=\"Asselner Adventsmusik am 3. Advent - Gemeinde Asseln\" \/>\n<meta property=\"og:description\" content=\"Herzlich laden wir Sie und Euch zur diesj\u00e4hrigen Asselner Advents-Musik [...]\" \/>\n<meta property=\"og:url\" content=\"https:\/\/asseln-evangelisch.de\/index.php\/2025\/12\/04\/asselner-adventsmusik-am-3-advent\/\" \/>\n<meta property=\"og:site_name\" content=\"Gemeinde Asseln\" \/>\n<meta property=\"article:published_time\" content=\"2025-12-04T07:16:35+00:00\" \/>\n<meta property=\"og:image\" content=\"https:\/\/asseln-evangelisch.de\/wp-content\/uploads\/2025\/12\/Koenig-David.jpg\" \/>\n\t<meta property=\"og:image:width\" content=\"395\" \/>\n\t<meta property=\"og:image:height\" content=\"408\" \/>\n\t<meta property=\"og:image:type\" content=\"image\/jpeg\" \/>\n<meta name=\"author\" content=\"Anke Knuth\" \/>\n<meta name=\"twitter:card\" content=\"summary_large_image\" \/>\n<meta name=\"twitter:label1\" content=\"Verfasst von\" \/>\n\t<meta name=\"twitter:data1\" content=\"Anke Knuth\" \/>\n\t<meta name=\"twitter:label2\" content=\"Gesch\u00e4tzte Lesezeit\" \/>\n\t<meta name=\"twitter:data2\" content=\"2\u00a0Minuten\" \/>\n<script type=\"application\/ld+json\" class=\"yoast-schema-graph\">{\"@context\":\"https:\\\/\\\/schema.org\",\"@graph\":[{\"@type\":\"Article\",\"@id\":\"https:\\\/\\\/asseln-evangelisch.de\\\/index.php\\\/2025\\\/12\\\/04\\\/asselner-adventsmusik-am-3-advent\\\/#article\",\"isPartOf\":{\"@id\":\"https:\\\/\\\/asseln-evangelisch.de\\\/index.php\\\/2025\\\/12\\\/04\\\/asselner-adventsmusik-am-3-advent\\\/\"},\"author\":{\"name\":\"Anke Knuth\",\"@id\":\"https:\\\/\\\/asseln-evangelisch.de\\\/#\\\/schema\\\/person\\\/e3bc5cb8714cf2814bdea40ce6d8fe52\"},\"headline\":\"Asselner Adventsmusik am 3. Advent\",\"datePublished\":\"2025-12-04T07:16:35+00:00\",\"mainEntityOfPage\":{\"@id\":\"https:\\\/\\\/asseln-evangelisch.de\\\/index.php\\\/2025\\\/12\\\/04\\\/asselner-adventsmusik-am-3-advent\\\/\"},\"wordCount\":115,\"commentCount\":0,\"image\":{\"@id\":\"https:\\\/\\\/asseln-evangelisch.de\\\/index.php\\\/2025\\\/12\\\/04\\\/asselner-adventsmusik-am-3-advent\\\/#primaryimage\"},\"thumbnailUrl\":\"https:\\\/\\\/asseln-evangelisch.de\\\/wp-content\\\/uploads\\\/2025\\\/12\\\/Koenig-David.jpg\",\"articleSection\":[\"Uncategorized\"],\"inLanguage\":\"de\",\"potentialAction\":[{\"@type\":\"CommentAction\",\"name\":\"Comment\",\"target\":[\"https:\\\/\\\/asseln-evangelisch.de\\\/index.php\\\/2025\\\/12\\\/04\\\/asselner-adventsmusik-am-3-advent\\\/#respond\"]}]},{\"@type\":\"WebPage\",\"@id\":\"https:\\\/\\\/asseln-evangelisch.de\\\/index.php\\\/2025\\\/12\\\/04\\\/asselner-adventsmusik-am-3-advent\\\/\",\"url\":\"https:\\\/\\\/asseln-evangelisch.de\\\/index.php\\\/2025\\\/12\\\/04\\\/asselner-adventsmusik-am-3-advent\\\/\",\"name\":\"Asselner Adventsmusik am 3. Advent - Gemeinde Asseln\",\"isPartOf\":{\"@id\":\"https:\\\/\\\/asseln-evangelisch.de\\\/#website\"},\"primaryImageOfPage\":{\"@id\":\"https:\\\/\\\/asseln-evangelisch.de\\\/index.php\\\/2025\\\/12\\\/04\\\/asselner-adventsmusik-am-3-advent\\\/#primaryimage\"},\"image\":{\"@id\":\"https:\\\/\\\/asseln-evangelisch.de\\\/index.php\\\/2025\\\/12\\\/04\\\/asselner-adventsmusik-am-3-advent\\\/#primaryimage\"},\"thumbnailUrl\":\"https:\\\/\\\/asseln-evangelisch.de\\\/wp-content\\\/uploads\\\/2025\\\/12\\\/Koenig-David.jpg\",\"datePublished\":\"2025-12-04T07:16:35+00:00\",\"author\":{\"@id\":\"https:\\\/\\\/asseln-evangelisch.de\\\/#\\\/schema\\\/person\\\/e3bc5cb8714cf2814bdea40ce6d8fe52\"},\"breadcrumb\":{\"@id\":\"https:\\\/\\\/asseln-evangelisch.de\\\/index.php\\\/2025\\\/12\\\/04\\\/asselner-adventsmusik-am-3-advent\\\/#breadcrumb\"},\"inLanguage\":\"de\",\"potentialAction\":[{\"@type\":\"ReadAction\",\"target\":[\"https:\\\/\\\/asseln-evangelisch.de\\\/index.php\\\/2025\\\/12\\\/04\\\/asselner-adventsmusik-am-3-advent\\\/\"]}]},{\"@type\":\"ImageObject\",\"inLanguage\":\"de\",\"@id\":\"https:\\\/\\\/asseln-evangelisch.de\\\/index.php\\\/2025\\\/12\\\/04\\\/asselner-adventsmusik-am-3-advent\\\/#primaryimage\",\"url\":\"https:\\\/\\\/asseln-evangelisch.de\\\/wp-content\\\/uploads\\\/2025\\\/12\\\/Koenig-David.jpg\",\"contentUrl\":\"https:\\\/\\\/asseln-evangelisch.de\\\/wp-content\\\/uploads\\\/2025\\\/12\\\/Koenig-David.jpg\",\"width\":395,\"height\":408},{\"@type\":\"BreadcrumbList\",\"@id\":\"https:\\\/\\\/asseln-evangelisch.de\\\/index.php\\\/2025\\\/12\\\/04\\\/asselner-adventsmusik-am-3-advent\\\/#breadcrumb\",\"itemListElement\":[{\"@type\":\"ListItem\",\"position\":1,\"name\":\"Startseite\",\"item\":\"https:\\\/\\\/asseln-evangelisch.de\\\/\"},{\"@type\":\"ListItem\",\"position\":2,\"name\":\"Asselner Adventsmusik am 3. Advent\"}]},{\"@type\":\"WebSite\",\"@id\":\"https:\\\/\\\/asseln-evangelisch.de\\\/#website\",\"url\":\"https:\\\/\\\/asseln-evangelisch.de\\\/\",\"name\":\"Gemeinde Asseln\",\"description\":\"Ev.-Luth. Kirchengemeinde Asseln\",\"potentialAction\":[{\"@type\":\"SearchAction\",\"target\":{\"@type\":\"EntryPoint\",\"urlTemplate\":\"https:\\\/\\\/asseln-evangelisch.de\\\/?s={search_term_string}\"},\"query-input\":{\"@type\":\"PropertyValueSpecification\",\"valueRequired\":true,\"valueName\":\"search_term_string\"}}],\"inLanguage\":\"de\"},{\"@type\":\"Person\",\"@id\":\"https:\\\/\\\/asseln-evangelisch.de\\\/#\\\/schema\\\/person\\\/e3bc5cb8714cf2814bdea40ce6d8fe52\",\"name\":\"Anke Knuth\",\"image\":{\"@type\":\"ImageObject\",\"inLanguage\":\"de\",\"@id\":\"https:\\\/\\\/secure.gravatar.com\\\/avatar\\\/5bc1d9b66ca3a467a5682b267a11fc9ffc8d7cd42e7344b5d80dceaa1082d103?s=96&d=mm&r=g\",\"url\":\"https:\\\/\\\/secure.gravatar.com\\\/avatar\\\/5bc1d9b66ca3a467a5682b267a11fc9ffc8d7cd42e7344b5d80dceaa1082d103?s=96&d=mm&r=g\",\"contentUrl\":\"https:\\\/\\\/secure.gravatar.com\\\/avatar\\\/5bc1d9b66ca3a467a5682b267a11fc9ffc8d7cd42e7344b5d80dceaa1082d103?s=96&d=mm&r=g\",\"caption\":\"Anke Knuth\"},\"url\":\"https:\\\/\\\/asseln-evangelisch.de\\\/index.php\\\/author\\\/aknuth\\\/\"}]}<\/script>\n<!-- \/ Yoast SEO plugin. -->","yoast_head_json":{"title":"Asselner Adventsmusik am 3. Advent - Gemeinde Asseln","robots":{"index":"index","follow":"follow","max-snippet":"max-snippet:-1","max-image-preview":"max-image-preview:large","max-video-preview":"max-video-preview:-1"},"canonical":"https:\/\/asseln-evangelisch.de\/index.php\/2025\/12\/04\/asselner-adventsmusik-am-3-advent\/","og_locale":"de_DE","og_type":"article","og_title":"Asselner Adventsmusik am 3. Advent - Gemeinde Asseln","og_description":"Herzlich laden wir Sie und Euch zur diesj\u00e4hrigen Asselner Advents-Musik [...]","og_url":"https:\/\/asseln-evangelisch.de\/index.php\/2025\/12\/04\/asselner-adventsmusik-am-3-advent\/","og_site_name":"Gemeinde Asseln","article_published_time":"2025-12-04T07:16:35+00:00","og_image":[{"width":395,"height":408,"url":"https:\/\/asseln-evangelisch.de\/wp-content\/uploads\/2025\/12\/Koenig-David.jpg","type":"image\/jpeg"}],"author":"Anke Knuth","twitter_card":"summary_large_image","twitter_misc":{"Verfasst von":"Anke Knuth","Gesch\u00e4tzte Lesezeit":"2\u00a0Minuten"},"schema":{"@context":"https:\/\/schema.org","@graph":[{"@type":"Article","@id":"https:\/\/asseln-evangelisch.de\/index.php\/2025\/12\/04\/asselner-adventsmusik-am-3-advent\/#article","isPartOf":{"@id":"https:\/\/asseln-evangelisch.de\/index.php\/2025\/12\/04\/asselner-adventsmusik-am-3-advent\/"},"author":{"name":"Anke Knuth","@id":"https:\/\/asseln-evangelisch.de\/#\/schema\/person\/e3bc5cb8714cf2814bdea40ce6d8fe52"},"headline":"Asselner Adventsmusik am 3. Advent","datePublished":"2025-12-04T07:16:35+00:00","mainEntityOfPage":{"@id":"https:\/\/asseln-evangelisch.de\/index.php\/2025\/12\/04\/asselner-adventsmusik-am-3-advent\/"},"wordCount":115,"commentCount":0,"image":{"@id":"https:\/\/asseln-evangelisch.de\/index.php\/2025\/12\/04\/asselner-adventsmusik-am-3-advent\/#primaryimage"},"thumbnailUrl":"https:\/\/asseln-evangelisch.de\/wp-content\/uploads\/2025\/12\/Koenig-David.jpg","articleSection":["Uncategorized"],"inLanguage":"de","potentialAction":[{"@type":"CommentAction","name":"Comment","target":["https:\/\/asseln-evangelisch.de\/index.php\/2025\/12\/04\/asselner-adventsmusik-am-3-advent\/#respond"]}]},{"@type":"WebPage","@id":"https:\/\/asseln-evangelisch.de\/index.php\/2025\/12\/04\/asselner-adventsmusik-am-3-advent\/","url":"https:\/\/asseln-evangelisch.de\/index.php\/2025\/12\/04\/asselner-adventsmusik-am-3-advent\/","name":"Asselner Adventsmusik am 3. Advent - Gemeinde Asseln","isPartOf":{"@id":"https:\/\/asseln-evangelisch.de\/#website"},"primaryImageOfPage":{"@id":"https:\/\/asseln-evangelisch.de\/index.php\/2025\/12\/04\/asselner-adventsmusik-am-3-advent\/#primaryimage"},"image":{"@id":"https:\/\/asseln-evangelisch.de\/index.php\/2025\/12\/04\/asselner-adventsmusik-am-3-advent\/#primaryimage"},"thumbnailUrl":"https:\/\/asseln-evangelisch.de\/wp-content\/uploads\/2025\/12\/Koenig-David.jpg","datePublished":"2025-12-04T07:16:35+00:00","author":{"@id":"https:\/\/asseln-evangelisch.de\/#\/schema\/person\/e3bc5cb8714cf2814bdea40ce6d8fe52"},"breadcrumb":{"@id":"https:\/\/asseln-evangelisch.de\/index.php\/2025\/12\/04\/asselner-adventsmusik-am-3-advent\/#breadcrumb"},"inLanguage":"de","potentialAction":[{"@type":"ReadAction","target":["https:\/\/asseln-evangelisch.de\/index.php\/2025\/12\/04\/asselner-adventsmusik-am-3-advent\/"]}]},{"@type":"ImageObject","inLanguage":"de","@id":"https:\/\/asseln-evangelisch.de\/index.php\/2025\/12\/04\/asselner-adventsmusik-am-3-advent\/#primaryimage","url":"https:\/\/asseln-evangelisch.de\/wp-content\/uploads\/2025\/12\/Koenig-David.jpg","contentUrl":"https:\/\/asseln-evangelisch.de\/wp-content\/uploads\/2025\/12\/Koenig-David.jpg","width":395,"height":408},{"@type":"BreadcrumbList","@id":"https:\/\/asseln-evangelisch.de\/index.php\/2025\/12\/04\/asselner-adventsmusik-am-3-advent\/#breadcrumb","itemListElement":[{"@type":"ListItem","position":1,"name":"Startseite","item":"https:\/\/asseln-evangelisch.de\/"},{"@type":"ListItem","position":2,"name":"Asselner Adventsmusik am 3. Advent"}]},{"@type":"WebSite","@id":"https:\/\/asseln-evangelisch.de\/#website","url":"https:\/\/asseln-evangelisch.de\/","name":"Gemeinde Asseln","description":"Ev.-Luth. Kirchengemeinde Asseln","potentialAction":[{"@type":"SearchAction","target":{"@type":"EntryPoint","urlTemplate":"https:\/\/asseln-evangelisch.de\/?s={search_term_string}"},"query-input":{"@type":"PropertyValueSpecification","valueRequired":true,"valueName":"search_term_string"}}],"inLanguage":"de"},{"@type":"Person","@id":"https:\/\/asseln-evangelisch.de\/#\/schema\/person\/e3bc5cb8714cf2814bdea40ce6d8fe52","name":"Anke Knuth","image":{"@type":"ImageObject","inLanguage":"de","@id":"https:\/\/secure.gravatar.com\/avatar\/5bc1d9b66ca3a467a5682b267a11fc9ffc8d7cd42e7344b5d80dceaa1082d103?s=96&d=mm&r=g","url":"https:\/\/secure.gravatar.com\/avatar\/5bc1d9b66ca3a467a5682b267a11fc9ffc8d7cd42e7344b5d80dceaa1082d103?s=96&d=mm&r=g","contentUrl":"https:\/\/secure.gravatar.com\/avatar\/5bc1d9b66ca3a467a5682b267a11fc9ffc8d7cd42e7344b5d80dceaa1082d103?s=96&d=mm&r=g","caption":"Anke Knuth"},"url":"https:\/\/asseln-evangelisch.de\/index.php\/author\/aknuth\/"}]}},"_links":{"self":[{"href":"https:\/\/asseln-evangelisch.de\/index.php\/wp-json\/wp\/v2\/posts\/5564","targetHints":{"allow":["GET"]}}],"collection":[{"href":"https:\/\/asseln-evangelisch.de\/index.php\/wp-json\/wp\/v2\/posts"}],"about":[{"href":"https:\/\/asseln-evangelisch.de\/index.php\/wp-json\/wp\/v2\/types\/post"}],"author":[{"embeddable":true,"href":"https:\/\/asseln-evangelisch.de\/index.php\/wp-json\/wp\/v2\/users\/6"}],"replies":[{"embeddable":true,"href":"https:\/\/asseln-evangelisch.de\/index.php\/wp-json\/wp\/v2\/comments?post=5564"}],"version-history":[{"count":1,"href":"https:\/\/asseln-evangelisch.de\/index.php\/wp-json\/wp\/v2\/posts\/5564\/revisions"}],"predecessor-version":[{"id":5568,"href":"https:\/\/asseln-evangelisch.de\/index.php\/wp-json\/wp\/v2\/posts\/5564\/revisions\/5568"}],"wp:featuredmedia":[{"embeddable":true,"href":"https:\/\/asseln-evangelisch.de\/index.php\/wp-json\/wp\/v2\/media\/5567"}],"wp:attachment":[{"href":"https:\/\/asseln-evangelisch.de\/index.php\/wp-json\/wp\/v2\/media?parent=5564"}],"wp:term":[{"taxonomy":"category","embeddable":true,"href":"https:\/\/asseln-evangelisch.de\/index.php\/wp-json\/wp\/v2\/categories?post=5564"},{"taxonomy":"post_tag","embeddable":true,"href":"https:\/\/asseln-evangelisch.de\/index.php\/wp-json\/wp\/v2\/tags?post=5564"}],"curies":[{"name":"wp","href":"https:\/\/api.w.org\/{rel}","templated":true}]}}